{"id":10183,"date":"2021-05-13T18:19:00","date_gmt":"2021-05-13T23:19:00","guid":{"rendered":"https:\/\/lacuevadedominguez.net.pe\/?p=10183"},"modified":"2021-05-13T11:31:16","modified_gmt":"2021-05-13T16:31:16","slug":"omt-convoca-a-mitur-republica-dominicana-y-sus-pares-para-relanzamiento-del-turismo-en-la-region","status":"publish","type":"post","link":"https:\/\/lacuevadedominguez.net.pe\/index.php\/2021\/05\/13\/omt-convoca-a-mitur-republica-dominicana-y-sus-pares-para-relanzamiento-del-turismo-en-la-region\/","title":{"rendered":"OMT convoca a MITUR Republica Dominicana y sus pares, para relanzamiento del turismo en la regi\u00f3n"},"content":{"rendered":"\n<p><strong>El ministro de turismo de Rep\u00fablica Dominicana David Collado junto a otros 15 ministros de Turismo y 4 viceministros de las Am\u00e9ricas<\/strong> establecieron los acuerdos y mecanismos de colaboraci\u00f3n para el relanzamiento del turismo en la regi\u00f3n, en una reuni\u00f3n convocada por la <strong>Organizaci\u00f3n Mundial del Turismo (OMT) encabezada en su inauguraci\u00f3n por el presidente de la rep\u00fablica Luis Abinader.<\/strong><\/p>\n\n\n\n<p>Los l\u00edderes de turismo en las Am\u00e9ricas se comprometieron a reactivar el turismo de manera conjunta, haciendo del sector una prioridad general y adoptando protocolos internacionales. <strong>Dicha reactivaci\u00f3n apuesta por la innovaci\u00f3n y la transformaci\u00f3n digital, as\u00ed como seguir avanzando en el turismo sostenible<\/strong> y reforzar los mecanismos de apoyo hacia los trabajadores y las empresas m\u00e1s afectadas.<\/p>\n\n\n\n<p>Al dar inicio a la reuni\u00f3n, el <strong>secretario general de la OMT, Zurab Pololikashvili<\/strong>, reconoci\u00f3 el buen manejo que Rep\u00fablica Dominicana ha hecho de la pandemia y recalc\u00f3 que \u00abel restablecimiento de la confianza en los viajes es un primer y esencial paso para reanudar el turismo, llevar la esperanza a millones de personas en las Am\u00e9ricas e impulsar la recuperaci\u00f3n en general\u00bb.<\/p>\n\n\n\n<p>Dando la bienvenida a los ministros y representantes de Turismo de Am\u00e9rica, el presidente de Rep\u00fablica Dominicana, Luis Abinader, destac\u00f3 el rol de la OMT como catalizador de innovaci\u00f3n y sinergias y convoc\u00f3 a los presentes a fortalecerse como destino compartido, como regi\u00f3n, a trav\u00e9s de la uni\u00f3n, determinaci\u00f3n, enfoque y visi\u00f3n conjunta. Por su parte, el ministro de turismo David Collado subray\u00f3 que el sector genera oportunidades de empleo a m\u00e1s de 500.000 familias y aporta el 15% de Producto Interno Bruto del pa\u00eds. Adem\u00e1s, refrend\u00f3 el compromiso \u201ccon los dominicanos, con los colaboradores del sector y con los millones de turistas que esperan ansiosos salir a conocer los hermosos destinos de Rep\u00fablica Dominicana\u201d.<\/p>\n\n\n\n<p>El restablecimiento de la confianza en los viajes, la protecci\u00f3n a las empresas y los puestos de trabajo y garantizar que los beneficios de la reactivaci\u00f3n del turismo se sientan m\u00e1s all\u00e1 del propio sector, fueron algunos de los principales temas de debate al cual <strong>asistieron de manera presencial los ministros y viceministros de turismo de Brasil, Colombia, Cuba, El Salvador, Guatemala, Hait\u00ed, Honduras, M\u00e9xico, Panam\u00e1, Puerto Rico, Uruguay y Venezuela, y de manera virtual, los de Argentina, Barbados, Bolivia, Chile, Nicaragua y Per\u00fa.<\/strong> Las reuniones se desarrollaron con la coordinaci\u00f3n, como pa\u00eds anfitri\u00f3n, del Ministerio de Turismo de Rep\u00fablica Dominicana y la <strong>participaci\u00f3n de representantes de la Asociaci\u00f3n Internacional de Transporte A\u00e9reo (IATA), la Autoridad de Aviaci\u00f3n Civil Internacional (OACI) y la Asociaci\u00f3n de Hoteles y Turismo de la Rep\u00fablica Dominicana, entre otros actores del sector.<\/strong><\/p>\n\n\n\n<p>Como cierre de la reuni\u00f3n, los asistentes firmaron la <strong>Declaraci\u00f3n de Punta Cana, mediante la cual los l\u00edderes de la regi\u00f3n se comprometen a hacer del turismo un pilar del desarrollo sostenible y asegurar un plan de acci\u00f3n eficaz y pertinente de recuperaci\u00f3n post-COVID.<\/strong><\/p>\n","protected":false},"excerpt":{"rendered":"<p>El ministro de turismo de Rep\u00fablica Dominicana David Collado junto a otros 15 ministros de Turismo y 4 viceministros de<\/p>\n","protected":false},"author":1,"featured_media":10184,"comment_status":"open","ping_status":"open","sticky":false,"template":"","format":"standard","meta":{"colormag_page_container_layout":"default_layout","colormag_page_sidebar_layout":"default_layout","footnotes":""},"categories":[11],"tags":[2313,2220,973,2334],"class_list":["post-10183","post","type-post","status-publish","format-standard","has-post-thumbnail","hentry","category-turismo","tag-asociacion-del-transporte-aereo-internacional-iata","tag-mitur-republica-dominicana","tag-organizacion-mundial-del-turismo","tag-turismo-en-america"],"_links":{"self":[{"href":"https:\/\/lacuevadedominguez.net.pe\/index.php\/wp-json\/wp\/v2\/posts\/10183","targetHints":{"allow":["GET"]}}],"collection":[{"href":"https:\/\/lacuevadedominguez.net.pe\/index.php\/wp-json\/wp\/v2\/posts"}],"about":[{"href":"https:\/\/lacuevadedominguez.net.pe\/index.php\/wp-json\/wp\/v2\/types\/post"}],"author":[{"embeddable":true,"href":"https:\/\/lacuevadedominguez.net.pe\/index.php\/wp-json\/wp\/v2\/users\/1"}],"replies":[{"embeddable":true,"href":"https:\/\/lacuevadedominguez.net.pe\/index.php\/wp-json\/wp\/v2\/comments?post=10183"}],"version-history":[{"count":1,"href":"https:\/\/lacuevadedominguez.net.pe\/index.php\/wp-json\/wp\/v2\/posts\/10183\/revisions"}],"predecessor-version":[{"id":10185,"href":"https:\/\/lacuevadedominguez.net.pe\/index.php\/wp-json\/wp\/v2\/posts\/10183\/revisions\/10185"}],"wp:featuredmedia":[{"embeddable":true,"href":"https:\/\/lacuevadedominguez.net.pe\/index.php\/wp-json\/wp\/v2\/media\/10184"}],"wp:attachment":[{"href":"https:\/\/lacuevadedominguez.net.pe\/index.php\/wp-json\/wp\/v2\/media?parent=10183"}],"wp:term":[{"taxonomy":"category","embeddable":true,"href":"https:\/\/lacuevadedominguez.net.pe\/index.php\/wp-json\/wp\/v2\/categories?post=10183"},{"taxonomy":"post_tag","embeddable":true,"href":"https:\/\/lacuevadedominguez.net.pe\/index.php\/wp-json\/wp\/v2\/tags?post=10183"}],"curies":[{"name":"wp","href":"https:\/\/api.w.org\/{rel}","templated":true}]}}