{"id":10193,"date":"2021-05-14T11:19:00","date_gmt":"2021-05-14T16:19:00","guid":{"rendered":"https:\/\/lacuevadedominguez.net.pe\/?p=10193"},"modified":"2021-05-14T11:04:47","modified_gmt":"2021-05-14T16:04:47","slug":"intervencion-de-guardaparques-del-sernanp-evito-tala-ilegal","status":"publish","type":"post","link":"https:\/\/lacuevadedominguez.net.pe\/index.php\/2021\/05\/14\/intervencion-de-guardaparques-del-sernanp-evito-tala-ilegal\/","title":{"rendered":"Intervenci\u00f3n de guardaparques del SERNANP evit\u00f3 tala ilegal"},"content":{"rendered":"\n<p>La oportuna y r\u00e1pida acci\u00f3n del personal guardaparque del Servicio Nacional de \u00c1reas Naturales Protegidas por el Estado (Sernanp), organismo adscrito al Ministerio del Ambiente, permiti\u00f3 detener actividades de tala ilegal que se registraron al interior de la<strong> Reserva Comunal El Sira (Ucayali).<\/strong><\/p>\n\n\n\n<p>La intervenci\u00f3n se llev\u00f3 a cabo en la cocha Azul, a hora y media del centro de conservaci\u00f3n y desarrollo Cunchuri, ubicado en el distrito de Ipar\u00eda de la provincia de Coronel Portillo, ante la alerta del personal guardaparque destacado en esta zona.<\/p>\n\n\n\n<p><strong>En el lugar se hallaron 60 trozas, equivalente a 2,797 pies tablares, de la especie forestal maderable \u201ccumala\u201d, que habr\u00eda sido extra\u00eddo de manera ilegal del interior de la Reserva Comunal El Sira.<\/strong><\/p>\n\n\n\n<p>Como parte de la intervenci\u00f3n, el material forestal fue reducido en su valor comercial, es decir, cortado para que no pueda ser comercializado; ello en aplicaci\u00f3n del Decreto Legislativo N\u00b0 1079 que establece medidas que garantizan la preservaci\u00f3n del patrimonio de las \u00c1reas Naturales Protegidas (ANP).<\/p>\n\n\n\n<p>El Sernanp, a trav\u00e9s de la jefatura de la Reserva Comunal El Sira, continuar\u00e1 articulando con los actores involucrados en la lucha contra la tala ilegal a fin de garantizar la conservaci\u00f3n de la biodiversidad y el bienestar de los pueblos ind\u00edgenas que habitan cerca a esta \u00e1rea natural protegida, en concordancia con los lineamientos establecidos por el Minam.<\/p>\n","protected":false},"excerpt":{"rendered":"<p>La oportuna y r\u00e1pida acci\u00f3n del personal guardaparque del Servicio Nacional de \u00c1reas Naturales Protegidas por el Estado (Sernanp), organismo<\/p>\n","protected":false},"author":1,"featured_media":10194,"comment_status":"open","ping_status":"open","sticky":false,"template":"","format":"standard","meta":{"colormag_page_container_layout":"default_layout","colormag_page_sidebar_layout":"default_layout","footnotes":""},"categories":[11],"tags":[444,983,135,210],"class_list":["post-10193","post","type-post","status-publish","format-standard","has-post-thumbnail","hentry","category-turismo","tag-ministerio-del-ambiente","tag-reserva-comunal-el-sira-ucayali","tag-sernanp","tag-turismo-sostenible"],"_links":{"self":[{"href":"https:\/\/lacuevadedominguez.net.pe\/index.php\/wp-json\/wp\/v2\/posts\/10193","targetHints":{"allow":["GET"]}}],"collection":[{"href":"https:\/\/lacuevadedominguez.net.pe\/index.php\/wp-json\/wp\/v2\/posts"}],"about":[{"href":"https:\/\/lacuevadedominguez.net.pe\/index.php\/wp-json\/wp\/v2\/types\/post"}],"author":[{"embeddable":true,"href":"https:\/\/lacuevadedominguez.net.pe\/index.php\/wp-json\/wp\/v2\/users\/1"}],"replies":[{"embeddable":true,"href":"https:\/\/lacuevadedominguez.net.pe\/index.php\/wp-json\/wp\/v2\/comments?post=10193"}],"version-history":[{"count":1,"href":"https:\/\/lacuevadedominguez.net.pe\/index.php\/wp-json\/wp\/v2\/posts\/10193\/revisions"}],"predecessor-version":[{"id":10195,"href":"https:\/\/lacuevadedominguez.net.pe\/index.php\/wp-json\/wp\/v2\/posts\/10193\/revisions\/10195"}],"wp:featuredmedia":[{"embeddable":true,"href":"https:\/\/lacuevadedominguez.net.pe\/index.php\/wp-json\/wp\/v2\/media\/10194"}],"wp:attachment":[{"href":"https:\/\/lacuevadedominguez.net.pe\/index.php\/wp-json\/wp\/v2\/media?parent=10193"}],"wp:term":[{"taxonomy":"category","embeddable":true,"href":"https:\/\/lacuevadedominguez.net.pe\/index.php\/wp-json\/wp\/v2\/categories?post=10193"},{"taxonomy":"post_tag","embeddable":true,"href":"https:\/\/lacuevadedominguez.net.pe\/index.php\/wp-json\/wp\/v2\/tags?post=10193"}],"curies":[{"name":"wp","href":"https:\/\/api.w.org\/{rel}","templated":true}]}}