{"id":10242,"date":"2021-05-24T12:33:07","date_gmt":"2021-05-24T17:33:07","guid":{"rendered":"https:\/\/lacuevadedominguez.net.pe\/?p=10242"},"modified":"2021-05-24T12:33:13","modified_gmt":"2021-05-24T17:33:13","slug":"omt-convoca-a-personalidades-del-mundo-en-madrid-para-celebrar-reactivacion-de-turismo","status":"publish","type":"post","link":"https:\/\/lacuevadedominguez.net.pe\/index.php\/2021\/05\/24\/omt-convoca-a-personalidades-del-mundo-en-madrid-para-celebrar-reactivacion-de-turismo\/","title":{"rendered":"OMT convoca a personalidades del mundo, en Madrid, para celebrar reactivaci\u00f3n de turismo"},"content":{"rendered":"\n<p>Para celebrar el regreso de la <strong>feria internacional de turismo FITUR,<\/strong> la OMT ha reunido a l\u00edderes de los sectores p\u00fablico y privado para enviar un mensaje firme respecto a la voluntad del turismo de recuperar su actividad. <strong>El secretario general, Zurab Pololikashvili, dio la bienvenida al Teatro Real de Madrid a invitados distinguidos<\/strong>, entre los que se encontraban algunos de los nuevos embajadores de la OMT, como el entrenador del club de f\u00fatbol Atl\u00e9tico de Madrid, Diego Simeone, y la modelo y empresaria, Valeria Mazza.<\/p>\n\n\n\n<p>La decisi\u00f3n de acoger FITUR es un buen ejemplo de la valent\u00eda que necesitamos si queremos reactivar el turismo y, por lo tanto, impulsar una recuperaci\u00f3n m\u00e1s amplia<\/p>\n\n\n\n<p>Como reflejo de un apoyo pol\u00edtico sin precedentes al turismo, se unieron a la OMT en el evento nocturno <strong>Reyes Maroto, ministra de Industria, Comercio y Turismo de Espa\u00f1a, y el alcalde de Madrid, Jos\u00e9 Luis Mart\u00ednez-Almeida. Adem\u00e1s, la capacidad del sector para llegar a casi todos los sectores de la sociedad se puso de relieve con el nombramiento de los nuevos embajadores de la OMT. Junto a Diego Simeone y Valeria Mazza estuvieron en Madrid el \u00faltimo embajador especial de la OMT para el Turismo Gastron\u00f3mico, el chef Ram\u00f3n Freixa Riera, y los directivos Alejandro Bulgheroni y Frank Ranieri.<\/strong><\/p>\n\n\n\n<p>El secretario general Pololikashvili dijo: \u00abAhora es el momento de la ambici\u00f3n y de dar pasos audaces. La decisi\u00f3n de acoger FITUR es un buen ejemplo de la valent\u00eda que necesitamos si queremos reactivar el turismo y, por lo tanto, impulsar una recuperaci\u00f3n m\u00e1s amplia. Y <strong>esta muestra de unidad es el tipo de cooperaci\u00f3n que necesitamos para reiniciar el turismo de forma coordinada y responsable, en beneficio de millones de personas en todo el mundo\u00bb.<\/strong><\/p>\n\n\n\n<p>En FITUR 2021, la OMT ha abordado algunos de los principales retos a los que se enfrenta el turismo, al tiempo que ha avanzado en soluciones para su recuperaci\u00f3n segura, responsable y sostenible. <strong>Tras la final de su Competici\u00f3n Mundial de Startups para los ODS, la OMT sigue avanzando en otra de sus prioridades, la promoci\u00f3n de las inversiones en el turismo africano, y fortaleciendo alianzas con los actores del sector privado.<\/strong><\/p>\n","protected":false},"excerpt":{"rendered":"<p>Para celebrar el regreso de la feria internacional de turismo FITUR, la OMT ha reunido a l\u00edderes de los sectores<\/p>\n","protected":false},"author":1,"featured_media":10243,"comment_status":"open","ping_status":"open","sticky":false,"template":"","format":"standard","meta":{"colormag_page_container_layout":"default_layout","colormag_page_sidebar_layout":"default_layout","footnotes":""},"categories":[2],"tags":[2366,973,2365],"class_list":["post-10242","post","type-post","status-publish","format-standard","has-post-thumbnail","hentry","category-eventos","tag-fitur-madrid","tag-organizacion-mundial-del-turismo","tag-zurab-pololikashvili"],"_links":{"self":[{"href":"https:\/\/lacuevadedominguez.net.pe\/index.php\/wp-json\/wp\/v2\/posts\/10242","targetHints":{"allow":["GET"]}}],"collection":[{"href":"https:\/\/lacuevadedominguez.net.pe\/index.php\/wp-json\/wp\/v2\/posts"}],"about":[{"href":"https:\/\/lacuevadedominguez.net.pe\/index.php\/wp-json\/wp\/v2\/types\/post"}],"author":[{"embeddable":true,"href":"https:\/\/lacuevadedominguez.net.pe\/index.php\/wp-json\/wp\/v2\/users\/1"}],"replies":[{"embeddable":true,"href":"https:\/\/lacuevadedominguez.net.pe\/index.php\/wp-json\/wp\/v2\/comments?post=10242"}],"version-history":[{"count":1,"href":"https:\/\/lacuevadedominguez.net.pe\/index.php\/wp-json\/wp\/v2\/posts\/10242\/revisions"}],"predecessor-version":[{"id":10244,"href":"https:\/\/lacuevadedominguez.net.pe\/index.php\/wp-json\/wp\/v2\/posts\/10242\/revisions\/10244"}],"wp:featuredmedia":[{"embeddable":true,"href":"https:\/\/lacuevadedominguez.net.pe\/index.php\/wp-json\/wp\/v2\/media\/10243"}],"wp:attachment":[{"href":"https:\/\/lacuevadedominguez.net.pe\/index.php\/wp-json\/wp\/v2\/media?parent=10242"}],"wp:term":[{"taxonomy":"category","embeddable":true,"href":"https:\/\/lacuevadedominguez.net.pe\/index.php\/wp-json\/wp\/v2\/categories?post=10242"},{"taxonomy":"post_tag","embeddable":true,"href":"https:\/\/lacuevadedominguez.net.pe\/index.php\/wp-json\/wp\/v2\/tags?post=10242"}],"curies":[{"name":"wp","href":"https:\/\/api.w.org\/{rel}","templated":true}]}}