{"id":10299,"date":"2021-06-04T18:41:00","date_gmt":"2021-06-04T23:41:00","guid":{"rendered":"https:\/\/lacuevadedominguez.net.pe\/?p=10299"},"modified":"2021-06-04T14:50:07","modified_gmt":"2021-06-04T19:50:07","slug":"cerveza-del-pacifico-lo-nuevo-de-backus","status":"publish","type":"post","link":"https:\/\/lacuevadedominguez.net.pe\/index.php\/2021\/06\/04\/cerveza-del-pacifico-lo-nuevo-de-backus\/","title":{"rendered":"Cerveza del Pac\u00edfico, lo nuevo de Backus"},"content":{"rendered":"\n<p>\u00a1El mar quiere decirte algo! De esta manera, hace su ingreso en el mercado peruano \u2018Cerveza del Pac\u00edfico\u201d, <strong>la nueva apuesta de Backus AB Inbev con la que busca acercarse a aquellos consumidores ocasionales de cerveza que exploran nuevas alternativas.<\/strong> Con un sabor diferente y m\u00e1s refrescante, <strong>inspirado en el mar que lleva su nombre, la marca invita a sus consumidores a valorar y disfrutar las cosas importantes de la vida.<\/strong><\/p>\n\n\n\n<p>\u2018Cerveza del Pac\u00edfico\u2019 llega con <strong>#ModoPac\u00edfico<\/strong>, un concepto que nos da la oportunidad de interiorizar la importancia de valorar lo positivo de cada d\u00eda, como compartir con la familia y amigos o simplemente poder disfrutar de la vida, es decir, \u201clo que realmente importa\u201d. De esta manera, la marca incide en volver a lo b\u00e1sico, valorar lo simple y <strong>priorizar la b\u00fasqueda del disfrute en lo cotidiano: una buena conversaci\u00f3n, una tarde de pel\u00edculas, escuchar tu canci\u00f3n favorita, respirar la brisa del mar para los que lo tenemos tan cerca o disfrutar de un rico plato de comida marina.<\/strong><\/p>\n\n\n\n<p>\u201cEsta es una apuesta muy importante para Backus, que nos permitir\u00e1 ofrecer un l\u00edquido m\u00e1s refrescante en una variedad de empaques y precios con el objetivo de desarrollar el <strong>segmento de cervezas \u00a8Easy to Drink\u00a8 (F\u00e1ciles de tomar) en el Per\u00fa y atraer nuevos consumidores a la categor\u00eda\u201d, comenta Daniel Villar\u00e1n, Gerente de Marketing de Cerveza del Pac\u00edfico.<\/strong><\/p>\n\n\n\n<p>La bebida, cuya producci\u00f3n ya se inici\u00f3 en el mercado peruano, tiene un proceso de doble filtrado que rescata lo esencial de sus ingredientes para tomar solo lo mejor, obteniendo un l\u00edquido tan refrescante como el mar, perfectamente equilibrado en sabor y f\u00e1cil de tomar. De esta manera, <strong>se convierte en el complemento perfecto para un ceviche, un tiradito, un arroz con mariscos y cualquier comida marina<\/strong>, aumentando su nivel de disfrute y generando la conexi\u00f3n perfecta de la marca con su pilar principal: el mar.<\/p>\n\n\n\n<p>\u201cCon Cerveza del Pac\u00edfico queremos posicionarnos como la opci\u00f3n perfecta para construir ocasiones de consumo cotidiano y moderado a trav\u00e9s de una propuesta de posicionamiento diferente y novedosa para la categor\u00eda, con un l\u00edquido m\u00e1s refrescante, como nuestro mar, y f\u00e1cil de tomar\u201d, finaliza Daniel Villar\u00e1n.<\/p>\n\n\n\n<p><strong>Cerveza del Pac\u00edfico ya est\u00e1 disponible en las ciudades de la costa del Per\u00fa y Tarapoto<\/strong>, en las principales cadenas de supermercados, tiendas de conveniencia, minimarkets, bodegas, licorer\u00edas, restaurantes y a trav\u00e9s de la plataforma <a href=\"http:\/\/www.backusya.pe\" target=\"_blank\" rel=\"noopener\">www.backusya.pe<\/a>. Conoce el video de lanzamiento: <a href=\"https:\/\/youtu.be\/RIb3cr-d1U4\" target=\"_blank\" rel=\"noopener\">https:\/\/youtu.be\/RIb3cr-d1U4<\/a><\/p>\n","protected":false},"excerpt":{"rendered":"<p>\u00a1El mar quiere decirte algo! De esta manera, hace su ingreso en el mercado peruano \u2018Cerveza del Pac\u00edfico\u201d, la nueva<\/p>\n","protected":false},"author":1,"featured_media":10300,"comment_status":"open","ping_status":"open","sticky":false,"template":"","format":"standard","meta":{"colormag_page_container_layout":"default_layout","colormag_page_sidebar_layout":"default_layout","footnotes":""},"categories":[3],"tags":[2105,2394,1561],"class_list":["post-10299","post","type-post","status-publish","format-standard","has-post-thumbnail","hentry","category-lifestyle","tag-backus-ab-inbev","tag-cerveza-del-pacifico","tag-cervezas-peruanas"],"_links":{"self":[{"href":"https:\/\/lacuevadedominguez.net.pe\/index.php\/wp-json\/wp\/v2\/posts\/10299","targetHints":{"allow":["GET"]}}],"collection":[{"href":"https:\/\/lacuevadedominguez.net.pe\/index.php\/wp-json\/wp\/v2\/posts"}],"about":[{"href":"https:\/\/lacuevadedominguez.net.pe\/index.php\/wp-json\/wp\/v2\/types\/post"}],"author":[{"embeddable":true,"href":"https:\/\/lacuevadedominguez.net.pe\/index.php\/wp-json\/wp\/v2\/users\/1"}],"replies":[{"embeddable":true,"href":"https:\/\/lacuevadedominguez.net.pe\/index.php\/wp-json\/wp\/v2\/comments?post=10299"}],"version-history":[{"count":1,"href":"https:\/\/lacuevadedominguez.net.pe\/index.php\/wp-json\/wp\/v2\/posts\/10299\/revisions"}],"predecessor-version":[{"id":10301,"href":"https:\/\/lacuevadedominguez.net.pe\/index.php\/wp-json\/wp\/v2\/posts\/10299\/revisions\/10301"}],"wp:featuredmedia":[{"embeddable":true,"href":"https:\/\/lacuevadedominguez.net.pe\/index.php\/wp-json\/wp\/v2\/media\/10300"}],"wp:attachment":[{"href":"https:\/\/lacuevadedominguez.net.pe\/index.php\/wp-json\/wp\/v2\/media?parent=10299"}],"wp:term":[{"taxonomy":"category","embeddable":true,"href":"https:\/\/lacuevadedominguez.net.pe\/index.php\/wp-json\/wp\/v2\/categories?post=10299"},{"taxonomy":"post_tag","embeddable":true,"href":"https:\/\/lacuevadedominguez.net.pe\/index.php\/wp-json\/wp\/v2\/tags?post=10299"}],"curies":[{"name":"wp","href":"https:\/\/api.w.org\/{rel}","templated":true}]}}