{"id":10305,"date":"2021-06-05T10:07:00","date_gmt":"2021-06-05T15:07:00","guid":{"rendered":"https:\/\/lacuevadedominguez.net.pe\/?p=10305"},"modified":"2021-06-04T21:11:30","modified_gmt":"2021-06-05T02:11:30","slug":"se-celebro-el-fam-fest-latam-presencial-post-pandemia","status":"publish","type":"post","link":"https:\/\/lacuevadedominguez.net.pe\/index.php\/2021\/06\/05\/se-celebro-el-fam-fest-latam-presencial-post-pandemia\/","title":{"rendered":"Se celebr\u00f3 el Fam Fest Latam presencial, post pandemia"},"content":{"rendered":"\n<p>Agentes de Viajes y expertos en turismo de grupos y bodas, de nueve pa\u00edses de Latinoam\u00e9rica, se dieron cita en Fam Fest Latam, la <strong>reconocida convenci\u00f3n anual de la cadena de hoteler\u00eda de lujo RCD Hotels<\/strong>, en su s\u00e9ptima edici\u00f3n, con el objetivo de relacionarse, vibrar y aprender, <strong>en el paradis\u00edaco Hard Rock Hotel &amp; Casino Punta Cana, el primer resort de lujo All Inclusive de todo el mundo<\/strong>, que abri\u00f3 sus puertas en 2010.<\/p>\n\n\n\n<p>Este a\u00f1o, la reconocida convenci\u00f3n anual busc\u00f3 revolucionar y evolucionar con el entorno, atendiendo a la realidad divergente del turismo y sus cambios, con una propuesta innovadora, que incluy\u00f3 recorridos al aire libre, experiencias y protocolos de bioseguridad mejorados, <strong>en el marco del programa SAFE + SOUND<\/strong>, para el resguardo de los Agentes Latinos en el contexto sanitario.<\/p>\n\n\n\n<p>En esta oportunidad, Fam Fest Latam se est\u00e1 realizando en dos grupos: del 26 al 30 de mayo, los protagonistas fueron los Agentes de Viaje de habla hispana, mientras que, del 2 al 6 de junio, ser\u00e1n los Agentes de Brasil quienes se tomar\u00e1n la convenci\u00f3n en Rep\u00fablica Dominicana.<\/p>\n\n\n\n<p>Este encuentro, que conmemora a los mejores Agentes de Viaje del programa Amplified Rewards, es organizado por la cadena RCD Hotels, una de las m\u00e1s reconocidas a nivel mundial, con una variada oferta de lujosas propiedades en M\u00e9xico y el Caribe.<\/p>\n\n\n\n<p>\u201cEsta s\u00e9ptima edici\u00f3n, con seguridad, lo tendr\u00e1 todo. Los Agentes podr\u00e1n disfrutar de los espacios con los protocolos SAFE + SOUND, como tambi\u00e9n, contar\u00e1 con embajadores musicales, 13 piscinas, escenarios inigualables en la playa y expertos en temas de turismo y viajes. Adem\u00e1s, ser\u00e1 una edici\u00f3n m\u00e1s que especial\u201d, asegura <strong>Leonel Reyes, Director Corporativo para Latinoam\u00e9rica de la cadena<\/strong>.<\/p>\n\n\n\n<p>Entre ocio, aprendizaje y diversi\u00f3n, Fam Fest Latam motivar\u00e1 a los asistentes a continuar trabajando con entrega y pasi\u00f3n por la industria del turismo en Latinoam\u00e9rica.<\/p>\n\n\n\n<p>Durante las primeras seis ediciones de esta convenci\u00f3n itinerante -celebrada en los diferentes resorts de la cadena hotelera, entre el 2014 al 2019- se cont\u00f3 con la participaci\u00f3n de 2.800 agentes.<\/p>\n","protected":false},"excerpt":{"rendered":"<p>Agentes de Viajes y expertos en turismo de grupos y bodas, de nueve pa\u00edses de Latinoam\u00e9rica, se dieron cita en<\/p>\n","protected":false},"author":1,"featured_media":10306,"comment_status":"open","ping_status":"open","sticky":false,"template":"","format":"standard","meta":{"colormag_page_container_layout":"default_layout","colormag_page_sidebar_layout":"default_layout","footnotes":""},"categories":[2],"tags":[1575,2396,257,116],"class_list":["post-10305","post","type-post","status-publish","format-standard","has-post-thumbnail","hentry","category-eventos","tag-cadena-hard-rock-hotel","tag-fam-fest-latam","tag-hoteles-all-inclusive","tag-punta-cana"],"_links":{"self":[{"href":"https:\/\/lacuevadedominguez.net.pe\/index.php\/wp-json\/wp\/v2\/posts\/10305","targetHints":{"allow":["GET"]}}],"collection":[{"href":"https:\/\/lacuevadedominguez.net.pe\/index.php\/wp-json\/wp\/v2\/posts"}],"about":[{"href":"https:\/\/lacuevadedominguez.net.pe\/index.php\/wp-json\/wp\/v2\/types\/post"}],"author":[{"embeddable":true,"href":"https:\/\/lacuevadedominguez.net.pe\/index.php\/wp-json\/wp\/v2\/users\/1"}],"replies":[{"embeddable":true,"href":"https:\/\/lacuevadedominguez.net.pe\/index.php\/wp-json\/wp\/v2\/comments?post=10305"}],"version-history":[{"count":1,"href":"https:\/\/lacuevadedominguez.net.pe\/index.php\/wp-json\/wp\/v2\/posts\/10305\/revisions"}],"predecessor-version":[{"id":10307,"href":"https:\/\/lacuevadedominguez.net.pe\/index.php\/wp-json\/wp\/v2\/posts\/10305\/revisions\/10307"}],"wp:featuredmedia":[{"embeddable":true,"href":"https:\/\/lacuevadedominguez.net.pe\/index.php\/wp-json\/wp\/v2\/media\/10306"}],"wp:attachment":[{"href":"https:\/\/lacuevadedominguez.net.pe\/index.php\/wp-json\/wp\/v2\/media?parent=10305"}],"wp:term":[{"taxonomy":"category","embeddable":true,"href":"https:\/\/lacuevadedominguez.net.pe\/index.php\/wp-json\/wp\/v2\/categories?post=10305"},{"taxonomy":"post_tag","embeddable":true,"href":"https:\/\/lacuevadedominguez.net.pe\/index.php\/wp-json\/wp\/v2\/tags?post=10305"}],"curies":[{"name":"wp","href":"https:\/\/api.w.org\/{rel}","templated":true}]}}