{"id":10314,"date":"2021-06-05T18:14:00","date_gmt":"2021-06-05T23:14:00","guid":{"rendered":"https:\/\/lacuevadedominguez.net.pe\/?p=10314"},"modified":"2021-06-04T21:50:25","modified_gmt":"2021-06-05T02:50:25","slug":"exitosa-participacion-de-peru-en-reciente-edicion-de-fitur","status":"publish","type":"post","link":"https:\/\/lacuevadedominguez.net.pe\/index.php\/2021\/06\/05\/exitosa-participacion-de-peru-en-reciente-edicion-de-fitur\/","title":{"rendered":"Exitosa participaci\u00f3n de Per\u00fa en reciente edici\u00f3n de FITUR"},"content":{"rendered":"\n<p>Per\u00fa se hizo presente en la edici\u00f3n 41\u00b0 de la\u00a0<strong>Feria Internacional de Turismo, FITUR 2021,<\/strong>\u00a0junto a una nutrida delegaci\u00f3n de co-expositores, liderada por la Ministra de Comercio Exterior y Turismo,\u00a0<strong>Claudia Cornejo Mohme<\/strong>, quien fue parte de la primera edici\u00f3n de\u00a0<strong>FITUR Woman<\/strong>, nueva secci\u00f3n en la que se debatir\u00e1 s<strong>obre el liderazgo femenino en la industria tur\u00edstica<\/strong>; y la <strong>Directora de Turismo de PROMPER\u00da,\u00a0Maria del Sol Vel\u00e1squez.<\/strong><\/p>\n\n\n\n<p>La delegaci\u00f3n del pa\u00eds sudamericano se complementa <strong>con 34 empresas peruanas del sector entre hoteles, trenes, aerol\u00edneas, agencias de viajes, <\/strong>que representa un incremento de representaci\u00f3n importante, gracias al formato virtual de esta edici\u00f3n. En ese sentido, las 21 empresas peruanas que participan virtualmente tendr\u00e1n acceso a la plataforma\u00a0<strong>FITUR LIVE Connect<\/strong>\u00a0para entablar relaciones comerciales, incrementando la visibilidad del pa\u00eds latinoamericano.<\/p>\n\n\n\n<p>En esta oportunidad, ante las nuevas tendencias de viaje, Per\u00fa mostr\u00f3 su oferta de experiencias \u00fanicas al aire libre, enfatizando los <strong>segmentos de aventura y naturaleza, as\u00ed como el turismo cultural y gastron\u00f3mico en regiones como Arequipa, Cusco, Ica, La Libertad, Loreto, Puno, <\/strong>entre otras. El pa\u00eds latinoamericano contar\u00e1 con un stand de 100 m2 para atender a los profesionales del sector, decorado bajo la <strong>nueva campa\u00f1a internacional \u00abDespierta en Per\u00fa\u00bb, lanzada a inicios de mayo.<\/strong><\/p>\n\n\n\n<p>\u00abCon nuestra participaci\u00f3n, mostraremos los nuevos productos, infraestructura hotelera, servicios de calidad y actividades con pr\u00e1cticas sostenibles que forman parte de nuestra oferta tur\u00edstica. Consideramos importante resaltar que <strong>Espa\u00f1a es el principal mercado emisor de turistas desde Europa hacia el Per\u00fa, seguido de Francia y Alemania\u00bb, destac\u00f3 Amora Carbajal, Presidenta Ejecutiva de PROMPER\u00da.<\/strong><\/p>\n\n\n\n<p>Asimismo, se mostrar\u00e1n los protocolos de seguridad establecidos para salvaguardar al viajero, recuperar su confianza y animarlo a visitar el Per\u00fa cuando las condiciones sanitarias lo permitan. Recordemos que el pa\u00eds sudamericano <strong>recibi\u00f3 en octubre de 2020 el sello Safe Travels de la WTTC (Consejo Mundial de Viajes y Turismo)<\/strong> y hasta el momento diversas regiones peruanas ostentan ese distintivo internacional que certifica el cumplimiento de los est\u00e1ndares de higiene requeridos.<\/p>\n\n\n\n<p>En la edici\u00f3n anterior (2020), Per\u00fa particip\u00f3 junto a 20 co-expositores peruanos, que realizaron m\u00e1s de 325 citas de negocios, logrando un potencial de ventas de USD 9.644,350.00 millones. En 2019, Per\u00fa recibi\u00f3 4.371.787 turistas internacionales, de este total 158.118 fueron turistas espa\u00f1oles, marcando un crecimiento del 7% en ese mercado en relaci\u00f3n al a\u00f1o anterior. Asimismo, seg\u00fan el estudio del Perfil del Turista Extranjero de 2019 realizado por PROMPER\u00da, <strong>el turista espa\u00f1ol tiene una estad\u00eda promedio de 13 noches y un gasto promedio de USD 1273.<\/strong><\/p>\n\n\n\n<p><\/p>\n\n\n\n<p><em>Fuente: Caribbean News Digital<\/em><\/p>\n","protected":false},"excerpt":{"rendered":"<p>Per\u00fa se hizo presente en la edici\u00f3n 41\u00b0 de la\u00a0Feria Internacional de Turismo, FITUR 2021,\u00a0junto a una nutrida delegaci\u00f3n de<\/p>\n","protected":false},"author":1,"featured_media":10315,"comment_status":"open","ping_status":"open","sticky":false,"template":"","format":"standard","meta":{"colormag_page_container_layout":"default_layout","colormag_page_sidebar_layout":"default_layout","footnotes":""},"categories":[13],"tags":[1247,2366,236,82,179],"class_list":["post-10314","post","type-post","status-publish","format-standard","has-post-thumbnail","hentry","category-destinos","tag-destino-kuelap","tag-fitur-madrid","tag-gastronomia-peruana","tag-promperu","tag-turismo-peru"],"_links":{"self":[{"href":"https:\/\/lacuevadedominguez.net.pe\/index.php\/wp-json\/wp\/v2\/posts\/10314","targetHints":{"allow":["GET"]}}],"collection":[{"href":"https:\/\/lacuevadedominguez.net.pe\/index.php\/wp-json\/wp\/v2\/posts"}],"about":[{"href":"https:\/\/lacuevadedominguez.net.pe\/index.php\/wp-json\/wp\/v2\/types\/post"}],"author":[{"embeddable":true,"href":"https:\/\/lacuevadedominguez.net.pe\/index.php\/wp-json\/wp\/v2\/users\/1"}],"replies":[{"embeddable":true,"href":"https:\/\/lacuevadedominguez.net.pe\/index.php\/wp-json\/wp\/v2\/comments?post=10314"}],"version-history":[{"count":1,"href":"https:\/\/lacuevadedominguez.net.pe\/index.php\/wp-json\/wp\/v2\/posts\/10314\/revisions"}],"predecessor-version":[{"id":10316,"href":"https:\/\/lacuevadedominguez.net.pe\/index.php\/wp-json\/wp\/v2\/posts\/10314\/revisions\/10316"}],"wp:featuredmedia":[{"embeddable":true,"href":"https:\/\/lacuevadedominguez.net.pe\/index.php\/wp-json\/wp\/v2\/media\/10315"}],"wp:attachment":[{"href":"https:\/\/lacuevadedominguez.net.pe\/index.php\/wp-json\/wp\/v2\/media?parent=10314"}],"wp:term":[{"taxonomy":"category","embeddable":true,"href":"https:\/\/lacuevadedominguez.net.pe\/index.php\/wp-json\/wp\/v2\/categories?post=10314"},{"taxonomy":"post_tag","embeddable":true,"href":"https:\/\/lacuevadedominguez.net.pe\/index.php\/wp-json\/wp\/v2\/tags?post=10314"}],"curies":[{"name":"wp","href":"https:\/\/api.w.org\/{rel}","templated":true}]}}