{"id":10497,"date":"2021-06-29T11:00:00","date_gmt":"2021-06-29T16:00:00","guid":{"rendered":"https:\/\/lacuevadedominguez.net.pe\/?p=10497"},"modified":"2021-06-28T19:50:28","modified_gmt":"2021-06-29T00:50:28","slug":"pueblos-con-encanto-un-proyecto-de-mincetur-para-impulsar-la-promocion-turistica","status":"publish","type":"post","link":"https:\/\/lacuevadedominguez.net.pe\/index.php\/2021\/06\/29\/pueblos-con-encanto-un-proyecto-de-mincetur-para-impulsar-la-promocion-turistica\/","title":{"rendered":"\u00abPueblos con encanto\u00bb, un proyecto de Mincetur, para impulsar la promoci\u00f3n tur\u00edstica"},"content":{"rendered":"\n<p>La ministra de Comercio Exterior y Turismo, Claudia Cornejo, anunci\u00f3 el lanzamiento de la iniciativa \u201c<strong>Pueblos con Encanto\u201d, un esfuerzo que busca reconocer a los pueblos que, a trav\u00e9s del tiempo conservan su identidad y mantienen vivas sus tradiciones.<\/strong><\/p>\n\n\n\n<p>La titular del Mincetur explic\u00f3 que a trav\u00e9s de \u201cPueblos con Encanto\u201d se ofrecer\u00e1 apoyo a los lugares seleccionados \u2013 <strong>elegidos previa evaluaci\u00f3n-, para impulsar su acondicionamiento,\u00a0 promoci\u00f3n tur\u00edstica y asistencia t\u00e9cnica<\/strong>. En breves d\u00edas, se emitir\u00e1 la normal legal que ofrecer\u00e1 mayores detalles de la iniciativa. \u00a0<\/p>\n\n\n\n<p>\u201cSin duda, la actividad tur\u00edstica en Cusco va reactiv\u00e1ndose. La esencia de este destino, su misticismo, sus lugares, la calidez de su gente, permanecen intactas. Este es un lugar ideal para lanzar esta importante iniciativa\u201d, afirm\u00f3 la ministra.&nbsp;<\/p>\n\n\n\n<p><strong>PILOTO EN OLLANTAYTAMBO<\/strong><\/p>\n\n\n\n<p><strong>El piloto de \u201cPueblos con Encanto\u201d ser\u00e1 en Ollantaytambo,<\/strong> lugar que viene trabajando para su reactivaci\u00f3n tur\u00edstica. Por ejemplo, cuenta con un <strong>Plan de Emergencia para la reactivaci\u00f3n del Turismo, el distintivo Safe Travels<\/strong>, adem\u00e1s los prestadores tur\u00edsticos han recibido talleres sobre protocolos sanitarios ante la COVID-19, entre otros aspectos.<\/p>\n\n\n\n<p>\u201cTras una primera evaluaci\u00f3n t\u00e9cnica a cargo del Viceministerio de Turismo, este lugar ha sido seleccionado como piloto de esta iniciativa. En ese sentido, y tal como lo hemos venido haciendo, especialmente en los \u00faltimos meses, acompa\u00f1aremos el plan de reactivaci\u00f3n que han elaborado, y que se alinea con nuestra <strong>Estrategia Nacional de Reactivaci\u00f3n del Turismo 2021-2023\u201d<\/strong>, se\u00f1al\u00f3 la ministra Cornejo.<\/p>\n\n\n\n<p>Cabe indicar que a trav\u00e9s del apoyo de varias instituciones como Turismo Cuida, o el AECID, Ollantaytambo logr\u00f3 obtener recursos para mejorar su destino. &nbsp;<\/p>\n\n\n\n<p>\u201cLa transversalidad del turismo, la articulaci\u00f3n que de ella se deriva, son activos preciados para impulsar el turismo, especialmente para esta iniciativa, que propone el desarrollo tur\u00edstico con enfoque territorial, <strong>cuya implementaci\u00f3n estar\u00e1 a cargo de los<\/strong> <strong>Comit\u00e9s de Gesti\u00f3n Local liderados por la Municipalidad\u201d<\/strong>, finaliz\u00f3 la titular del Mincetur.<\/p>\n","protected":false},"excerpt":{"rendered":"<p>La ministra de Comercio Exterior y Turismo, Claudia Cornejo, anunci\u00f3 el lanzamiento de la iniciativa \u201cPueblos con Encanto\u201d, un esfuerzo<\/p>\n","protected":false},"author":1,"featured_media":10498,"comment_status":"open","ping_status":"open","sticky":false,"template":"","format":"standard","meta":{"colormag_page_container_layout":"default_layout","colormag_page_sidebar_layout":"default_layout","footnotes":""},"categories":[11],"tags":[2475,546,2474,2072],"class_list":["post-10497","post","type-post","status-publish","format-standard","has-post-thumbnail","hentry","category-turismo","tag-pueblos-con-encanto","tag-mincetur","tag-ollantaytambo","tag-sello-safe-travels"],"_links":{"self":[{"href":"https:\/\/lacuevadedominguez.net.pe\/index.php\/wp-json\/wp\/v2\/posts\/10497","targetHints":{"allow":["GET"]}}],"collection":[{"href":"https:\/\/lacuevadedominguez.net.pe\/index.php\/wp-json\/wp\/v2\/posts"}],"about":[{"href":"https:\/\/lacuevadedominguez.net.pe\/index.php\/wp-json\/wp\/v2\/types\/post"}],"author":[{"embeddable":true,"href":"https:\/\/lacuevadedominguez.net.pe\/index.php\/wp-json\/wp\/v2\/users\/1"}],"replies":[{"embeddable":true,"href":"https:\/\/lacuevadedominguez.net.pe\/index.php\/wp-json\/wp\/v2\/comments?post=10497"}],"version-history":[{"count":1,"href":"https:\/\/lacuevadedominguez.net.pe\/index.php\/wp-json\/wp\/v2\/posts\/10497\/revisions"}],"predecessor-version":[{"id":10499,"href":"https:\/\/lacuevadedominguez.net.pe\/index.php\/wp-json\/wp\/v2\/posts\/10497\/revisions\/10499"}],"wp:featuredmedia":[{"embeddable":true,"href":"https:\/\/lacuevadedominguez.net.pe\/index.php\/wp-json\/wp\/v2\/media\/10498"}],"wp:attachment":[{"href":"https:\/\/lacuevadedominguez.net.pe\/index.php\/wp-json\/wp\/v2\/media?parent=10497"}],"wp:term":[{"taxonomy":"category","embeddable":true,"href":"https:\/\/lacuevadedominguez.net.pe\/index.php\/wp-json\/wp\/v2\/categories?post=10497"},{"taxonomy":"post_tag","embeddable":true,"href":"https:\/\/lacuevadedominguez.net.pe\/index.php\/wp-json\/wp\/v2\/tags?post=10497"}],"curies":[{"name":"wp","href":"https:\/\/api.w.org\/{rel}","templated":true}]}}