{"id":10549,"date":"2021-07-06T18:47:00","date_gmt":"2021-07-06T23:47:00","guid":{"rendered":"https:\/\/lacuevadedominguez.net.pe\/?p=10549"},"modified":"2021-07-05T16:50:41","modified_gmt":"2021-07-05T21:50:41","slug":"argentina-formara-parte-del-comite-ejecutivo-de-la-organizacion-mundial-del-turismo","status":"publish","type":"post","link":"https:\/\/lacuevadedominguez.net.pe\/index.php\/2021\/07\/06\/argentina-formara-parte-del-comite-ejecutivo-de-la-organizacion-mundial-del-turismo\/","title":{"rendered":"Argentina formar\u00e1 parte del Comit\u00e9 Ejecutivo de la Organizaci\u00f3n Mundial del Turismo"},"content":{"rendered":"\n<p><strong>Argentina<\/strong>\u00a0fue elegida para representar al bloque de las Am\u00e9ricas en el\u00a0<strong>Consejo Ejecutivo de la Organizaci\u00f3n Mundial del Turismo (OMT)<\/strong>\u00a0y asumir\u00e1 formalmente el asiento <strong>en octubre pr\u00f3ximo en Marruecos durante los pr\u00f3ximos cuatro a\u00f1os.\u00a0<\/strong><\/p>\n\n\n\n<p>El ministro de Turismo de Argentina,\u00a0<strong>Mat\u00edas Lammens<\/strong>, particip\u00f3 en la 66\u00aa reuni\u00f3n virtual de la Comisi\u00f3n de las Am\u00e9ricas de la OMT, que estuvo encabezada por el presidente de la organizaci\u00f3n,\u00a0<strong>Zurab Pololikashvili<\/strong>, y el actual presidente del Consejo,\u00a0<strong>Edmund Bartlett<\/strong>, <strong>ministro de Turismo de Jamaica.<\/strong><\/p>\n\n\n\n<p>La OMT se re\u00fane dos veces al a\u00f1o y <strong>el Consejo, de 24 miembros, est\u00e1 formado por ministros que representan a los seis comit\u00e9s regionales, Am\u00e9rica, Europa, \u00c1frica, Oriente Medio, zona del Pac\u00edfico y Asia Meridional,<\/strong> en los que se dividen los 158 pa\u00edses miembros de la OMT. El prop\u00f3sito es abordar los problemas de la industria orientados a \u00abun turismo responsable, sostenible y accesible para todos\u00bb<\/p>\n\n\n\n<p>Esto significa que Argentina formar\u00e1 parte del espacio donde se debaten y deciden los planes de recuperaci\u00f3n y relanzamiento del turismo mundial.<\/p>\n\n\n\n<p>\u00abEs un honor para nuestro pa\u00eds representar a la regi\u00f3n en el Consejo Ejecutivo de la OMT de la ONU. Nos involucra directamente en la toma de decisiones sobre las pol\u00edticas para la recuperaci\u00f3n del turismo y es un desaf\u00edo que aceptamos con mucho entusiasmo\u00bb, indic\u00f3 el ministro argentino Lammens, tras su confirmaci\u00f3n.<\/p>\n\n\n\n<p>\u00abSi hay algo que entendimos desde el inicio de la pandemia es que su superaci\u00f3n debe ser un esfuerzo colectivo, compartiendo experiencias entre las naciones, con planes de corto, mediano y largo plazo, y pretendiendo que el turismo sea uno de los motores de desarrollo de la regi\u00f3n\u00bb, agreg\u00f3.<\/p>\n\n\n\n<p>El trabajo conjunto de los sectores p\u00fablico y privado es \u00abel camino para sostener la industria y estamos convencidos de que ser\u00e1 la clave para seguir transitando el esfuerzo de reconstrucci\u00f3n en la pr\u00f3xima etapa\u00bb.<\/p>\n\n\n\n<p>Adem\u00e1s del fuerte lobby, fuentes argentinas dijeron que el hecho de que el pa\u00eds haya sido elegido como miembro del Consejo Ejecutivo es \u00abun reconocimiento a las pol\u00edticas que el gobierno tom\u00f3 para apoyar a la industria del turismo durante la pandemia\u00bb.<\/p>\n\n\n\n<p>El\u00a0<strong>Plan PreViaje<\/strong>\u00a0benefici\u00f3 a unas 600.000 personas con un importante movimiento econ\u00f3mico. Asimismo, durante la temporada de verano, se calcula que <strong>unos 15 millones de argentinos disfrutaron del turismo interno<\/strong>, lo que le vali\u00f3 un\u00a0<strong>Premio Excelencias<\/strong>\u00a0e<strong>n la feria Fitur de Madrid, <\/strong>adem\u00e1s de la financiaci\u00f3n de subsidios, cr\u00e9ditos y n\u00f3minas para ayudar a la industria a superar la crisis.<\/p>\n\n\n\n<p><em>Fuente:<\/em> <a href=\"https:\/\/www.caribbeannewsdigital.com\/es\/turismo\/argentina-es-elegida-para-integrar-el-comite-ejecutivo-de-la-omt\" target=\"_blank\" rel=\"noopener\"><em>https:\/\/www.caribbeannewsdigital.com\/es\/turismo\/argentina-es-elegida-para-integrar-el-comite-ejecutivo-de-la-omt<\/em><\/a><\/p>\n\n\n\n<p><em>Foto: https:\/\/www.viator.com\/es<\/em><\/p>\n","protected":false},"excerpt":{"rendered":"<p>Argentina\u00a0fue elegida para representar al bloque de las Am\u00e9ricas en el\u00a0Consejo Ejecutivo de la Organizaci\u00f3n Mundial del Turismo (OMT)\u00a0y asumir\u00e1<\/p>\n","protected":false},"author":1,"featured_media":10550,"comment_status":"open","ping_status":"open","sticky":false,"template":"","format":"standard","meta":{"colormag_page_container_layout":"default_layout","colormag_page_sidebar_layout":"default_layout","footnotes":""},"categories":[5],"tags":[81,423,2365],"class_list":["post-10549","post","type-post","status-publish","format-standard","has-post-thumbnail","hentry","category-recomendados","tag-omt","tag-turismo-argentina","tag-zurab-pololikashvili"],"_links":{"self":[{"href":"https:\/\/lacuevadedominguez.net.pe\/index.php\/wp-json\/wp\/v2\/posts\/10549","targetHints":{"allow":["GET"]}}],"collection":[{"href":"https:\/\/lacuevadedominguez.net.pe\/index.php\/wp-json\/wp\/v2\/posts"}],"about":[{"href":"https:\/\/lacuevadedominguez.net.pe\/index.php\/wp-json\/wp\/v2\/types\/post"}],"author":[{"embeddable":true,"href":"https:\/\/lacuevadedominguez.net.pe\/index.php\/wp-json\/wp\/v2\/users\/1"}],"replies":[{"embeddable":true,"href":"https:\/\/lacuevadedominguez.net.pe\/index.php\/wp-json\/wp\/v2\/comments?post=10549"}],"version-history":[{"count":1,"href":"https:\/\/lacuevadedominguez.net.pe\/index.php\/wp-json\/wp\/v2\/posts\/10549\/revisions"}],"predecessor-version":[{"id":10551,"href":"https:\/\/lacuevadedominguez.net.pe\/index.php\/wp-json\/wp\/v2\/posts\/10549\/revisions\/10551"}],"wp:featuredmedia":[{"embeddable":true,"href":"https:\/\/lacuevadedominguez.net.pe\/index.php\/wp-json\/wp\/v2\/media\/10550"}],"wp:attachment":[{"href":"https:\/\/lacuevadedominguez.net.pe\/index.php\/wp-json\/wp\/v2\/media?parent=10549"}],"wp:term":[{"taxonomy":"category","embeddable":true,"href":"https:\/\/lacuevadedominguez.net.pe\/index.php\/wp-json\/wp\/v2\/categories?post=10549"},{"taxonomy":"post_tag","embeddable":true,"href":"https:\/\/lacuevadedominguez.net.pe\/index.php\/wp-json\/wp\/v2\/tags?post=10549"}],"curies":[{"name":"wp","href":"https:\/\/api.w.org\/{rel}","templated":true}]}}