{"id":10691,"date":"2021-07-20T18:15:00","date_gmt":"2021-07-20T23:15:00","guid":{"rendered":"https:\/\/lacuevadedominguez.net.pe\/?p=10691"},"modified":"2021-07-19T21:24:55","modified_gmt":"2021-07-20T02:24:55","slug":"la-torre-eiffel-fue-abierta-a-visitantes","status":"publish","type":"post","link":"https:\/\/lacuevadedominguez.net.pe\/index.php\/2021\/07\/20\/la-torre-eiffel-fue-abierta-a-visitantes\/","title":{"rendered":"La Torre Eiffel fue abierta a visitantes"},"content":{"rendered":"\n<p><strong>Despu\u00e9s de su cierre m\u00e1s prolongado desde la Segunda Guerra Mundial,<\/strong> la Torre Eiffel abri\u00f3 sus elevadores nuevamente este viernes 16 <strong>con todos los protocolos de bioseguridad correspondientes.<\/strong><\/p>\n\n\n\n<p>A pesar de que <strong>la capacidad diaria se ha limitado a \u00fanicamente 13.000 personas, la mitad del aforo normal<\/strong>, la noticia alegr\u00f3 a los admiradores de la atracci\u00f3n parisina. Cabe mencionar que a partir del pr\u00f3ximo mi\u00e9rcoles 21, los nuevos protocolos de seguridad se pondr\u00e1n en pr\u00e1ctica.<\/p>\n\n\n\n<p><strong>Los visitantes deber\u00e1n mostrar una constancia de vacunaci\u00f3n completa o una prueba negativa de COVID-19.<\/strong> La prueba necesaria se establecer\u00e1 de acuerdo a los requerimientos del gobierno.<\/p>\n\n\n\n<p>Los protocolos ser\u00e1n un obst\u00e1culo operativo adicional, pero ser\u00e1 manejable para ellos, como afirm\u00f3<strong> Jean-Fran\u00e7ois Martin, jefe de la empresa operadora<\/strong>, quien finaliz\u00f3 su declaraci\u00f3n afirmando que \u2018La dama est\u00e1 lista\u2019.<\/p>\n\n\n\n<p>El prolongado cierre afect\u00f3 notoriamente las finanzas de la compa\u00f1\u00eda operadora de la Torre Eiffel. Sin embargo, actualmente ya cuentan con m\u00faltiples reservas anticipadas de billetes,<strong> sobre todo, de turistas provenientes de Estados Unidos, Asia y, evidentemente, del territorio franc\u00e9s. Se prev\u00e9 que la mitad de visitantes, en primera instancia, ser\u00e1n franceses.<\/strong><\/p>\n\n\n\n<p>Se afirm\u00f3 que la entidad empresarial se estar\u00e1 enfocando en conseguir ayuda econ\u00f3mica gubernamental. Se busca un apoyo de 60 millones de euros para lograr mantenerse a flote, ya que los ingresos de la empresa operadora cayeron en un 75% debido a la situaci\u00f3n pand\u00e9mica.<\/p>\n\n\n\n<p><em>Fuente: https:\/\/portaldeturismo.pe\/<\/em><\/p>\n","protected":false},"excerpt":{"rendered":"<p>Despu\u00e9s de su cierre m\u00e1s prolongado desde la Segunda Guerra Mundial, la Torre Eiffel abri\u00f3 sus elevadores nuevamente este viernes<\/p>\n","protected":false},"author":1,"featured_media":10692,"comment_status":"open","ping_status":"open","sticky":false,"template":"","format":"standard","meta":{"colormag_page_container_layout":"default_layout","colormag_page_sidebar_layout":"default_layout","footnotes":""},"categories":[13],"tags":[2564,2562,2563],"class_list":["post-10691","post","type-post","status-publish","format-standard","has-post-thumbnail","hentry","category-destinos","tag-destino-paris","tag-torre-eiffel","tag-turismo-francia"],"_links":{"self":[{"href":"https:\/\/lacuevadedominguez.net.pe\/index.php\/wp-json\/wp\/v2\/posts\/10691","targetHints":{"allow":["GET"]}}],"collection":[{"href":"https:\/\/lacuevadedominguez.net.pe\/index.php\/wp-json\/wp\/v2\/posts"}],"about":[{"href":"https:\/\/lacuevadedominguez.net.pe\/index.php\/wp-json\/wp\/v2\/types\/post"}],"author":[{"embeddable":true,"href":"https:\/\/lacuevadedominguez.net.pe\/index.php\/wp-json\/wp\/v2\/users\/1"}],"replies":[{"embeddable":true,"href":"https:\/\/lacuevadedominguez.net.pe\/index.php\/wp-json\/wp\/v2\/comments?post=10691"}],"version-history":[{"count":1,"href":"https:\/\/lacuevadedominguez.net.pe\/index.php\/wp-json\/wp\/v2\/posts\/10691\/revisions"}],"predecessor-version":[{"id":10693,"href":"https:\/\/lacuevadedominguez.net.pe\/index.php\/wp-json\/wp\/v2\/posts\/10691\/revisions\/10693"}],"wp:featuredmedia":[{"embeddable":true,"href":"https:\/\/lacuevadedominguez.net.pe\/index.php\/wp-json\/wp\/v2\/media\/10692"}],"wp:attachment":[{"href":"https:\/\/lacuevadedominguez.net.pe\/index.php\/wp-json\/wp\/v2\/media?parent=10691"}],"wp:term":[{"taxonomy":"category","embeddable":true,"href":"https:\/\/lacuevadedominguez.net.pe\/index.php\/wp-json\/wp\/v2\/categories?post=10691"},{"taxonomy":"post_tag","embeddable":true,"href":"https:\/\/lacuevadedominguez.net.pe\/index.php\/wp-json\/wp\/v2\/tags?post=10691"}],"curies":[{"name":"wp","href":"https:\/\/api.w.org\/{rel}","templated":true}]}}