{"id":10732,"date":"2021-07-26T11:19:00","date_gmt":"2021-07-26T16:19:00","guid":{"rendered":"https:\/\/lacuevadedominguez.net.pe\/?p=10732"},"modified":"2021-07-25T20:03:49","modified_gmt":"2021-07-26T01:03:49","slug":"colombia-el-pais-mas-acogedor-del-mundo-le-da-nuevamente-la-bienvenida-al-turismo-mundial","status":"publish","type":"post","link":"https:\/\/lacuevadedominguez.net.pe\/index.php\/2021\/07\/26\/colombia-el-pais-mas-acogedor-del-mundo-le-da-nuevamente-la-bienvenida-al-turismo-mundial\/","title":{"rendered":"\u201cColombia, el pa\u00eds m\u00e1s acogedor del mundo\u201d, le da nuevamente, la bienvenida al turismo mundial"},"content":{"rendered":"\n<p>Con este nuevo lema y la estrategia que le acompa\u00f1a, Colombia quiere conectar con la pasi\u00f3n de viajar <strong>mostrando la calidez y la amabilidad de los colombianos<\/strong> para inspirar a los viajeros en la medida en que se reactiva el turismo internacional.<\/p>\n\n\n\n<p>El nuevo manifiesto de la marca destino es resultado de extensa investigaci\u00f3n cuantitativa y cualitativa desarrollada para identificar la esencia de la propuesta de valor de Colombia, poniendo el foco en c\u00f3mo la calidez y amabilidad de los colombianos, en mostrar sus cambios positivos y su perfil como pa\u00eds innovador y hospitalario.&nbsp;<\/p>\n\n\n\n<p><strong>ProColombia<\/strong>, entidad gubernamental encargada de promover el turismo internacional y la inversi\u00f3n extranjera directa en Colombia, lidera esta campa\u00f1a de relanzamiento. Con una historia rica y diversa, Colombia ha atravesado per\u00edodos de transici\u00f3n y crecimiento, permaneciendo siempre resiliente con un esp\u00edritu de calidez y apertura en su coraz\u00f3n.<\/p>\n\n\n\n<p><strong>\u00abHacer sentir a un visitante como en casa es f\u00e1cil en Colombia, porque est\u00e1 en nuestro ADN el esp\u00edritu acogedor, la empat\u00eda y el servicio\u00bb, se\u00f1ala Flavia Santoro, Presidenta de ProColombia.<\/strong> \u00abEste nuevo manifiesto ofrece un mensaje \u00fanico, y m\u00e1s preciso, sobre nuestra tierra y nuestro pueblo, que queremos compartir con todo el mundo\u00bb.<\/p>\n\n\n\n<p>Para determinar el nuevo manifiesto de la marca destino se llevaron a cabo un total de 1.500 focus groups y encuestas, tanto a colombianos y extranjeros, que mostraron que m\u00e1s del 70 por ciento de los participantes identificaba estas cualidades con la idiosincrasia colombiana. De hecho, <strong>Colombia es considerado uno de los pa\u00edses m\u00e1s acogedores del mundo, seg\u00fan un reciente informe de InterNations, la mayor red mundial de expats, con 13.000 expatriados de 188 pa\u00edses,<\/strong> que consideran que la actitud de los colombianos hacia los extranjeros es amable y amistosa.<\/p>\n\n\n\n<p>Este manifiesto forma parte de una estrategia a largo plazo cuyo objetivo es consolidar la imagen positiva y de confianza en el pa\u00eds, fomentar el orgullo entre los colombianos y alimentar otras aspiraciones empresariales, incluyendo la atracci\u00f3n de la inversi\u00f3n extranjera y las exportaciones.<\/p>\n\n\n\n<p>Como parte del lanzamiento de esta campa\u00f1a, <strong>ProColombia ha creado un mapa interactivo, publicado en su p\u00e1gina web a principios de julio, y que invita al mundo a experimentar la calidez colombiana hasta que sea posible viajar nuevamente a este destino.<\/strong> En la web \u00abBarrio de Barrios\u00bb se tentar\u00e1 a los visitantes a descubrir cada una de las seis regiones colombianas con diversos contenidos multimedia, mostrando el sentido de comunidad colombiano, su naturaleza y su oferta diversa.<\/p>\n\n\n\n<p><strong>\u00abBarrio de Barrios\u00bb mostrar\u00e1 a Colombia como una comunidad unida, una fusi\u00f3n de culturas, sabores, ritmos y colores, en un entorno acogedor, familiar y local. <\/strong>Esta calidez y autenticidad local forma parte de la vida y los paisajes desde las orillas de Cartagena hasta las monta\u00f1as de los Andes, y se refleja en la nueva narrativa de la marca: porque independientemente de lo que se busque en Colombia, no hay que llamar porque la puerta siempre est\u00e1 abierta.<\/p>\n\n\n\n<p><em>Fuente: https:\/\/www.caribbeannewsdigital.com\/es\/<\/em><\/p>\n\n\n\n<p><\/p>\n","protected":false},"excerpt":{"rendered":"<p>Con este nuevo lema y la estrategia que le acompa\u00f1a, Colombia quiere conectar con la pasi\u00f3n de viajar mostrando la<\/p>\n","protected":false},"author":1,"featured_media":10733,"comment_status":"open","ping_status":"open","sticky":false,"template":"","format":"standard","meta":{"colormag_page_container_layout":"default_layout","colormag_page_sidebar_layout":"default_layout","footnotes":""},"categories":[13],"tags":[2581,2580,2429],"class_list":["post-10732","post","type-post","status-publish","format-standard","has-post-thumbnail","hentry","category-destinos","tag-cartagena-de-indias","tag-procolombia","tag-turismo-colombia"],"_links":{"self":[{"href":"https:\/\/lacuevadedominguez.net.pe\/index.php\/wp-json\/wp\/v2\/posts\/10732","targetHints":{"allow":["GET"]}}],"collection":[{"href":"https:\/\/lacuevadedominguez.net.pe\/index.php\/wp-json\/wp\/v2\/posts"}],"about":[{"href":"https:\/\/lacuevadedominguez.net.pe\/index.php\/wp-json\/wp\/v2\/types\/post"}],"author":[{"embeddable":true,"href":"https:\/\/lacuevadedominguez.net.pe\/index.php\/wp-json\/wp\/v2\/users\/1"}],"replies":[{"embeddable":true,"href":"https:\/\/lacuevadedominguez.net.pe\/index.php\/wp-json\/wp\/v2\/comments?post=10732"}],"version-history":[{"count":1,"href":"https:\/\/lacuevadedominguez.net.pe\/index.php\/wp-json\/wp\/v2\/posts\/10732\/revisions"}],"predecessor-version":[{"id":10734,"href":"https:\/\/lacuevadedominguez.net.pe\/index.php\/wp-json\/wp\/v2\/posts\/10732\/revisions\/10734"}],"wp:featuredmedia":[{"embeddable":true,"href":"https:\/\/lacuevadedominguez.net.pe\/index.php\/wp-json\/wp\/v2\/media\/10733"}],"wp:attachment":[{"href":"https:\/\/lacuevadedominguez.net.pe\/index.php\/wp-json\/wp\/v2\/media?parent=10732"}],"wp:term":[{"taxonomy":"category","embeddable":true,"href":"https:\/\/lacuevadedominguez.net.pe\/index.php\/wp-json\/wp\/v2\/categories?post=10732"},{"taxonomy":"post_tag","embeddable":true,"href":"https:\/\/lacuevadedominguez.net.pe\/index.php\/wp-json\/wp\/v2\/tags?post=10732"}],"curies":[{"name":"wp","href":"https:\/\/api.w.org\/{rel}","templated":true}]}}