{"id":10873,"date":"2021-08-24T12:01:52","date_gmt":"2021-08-24T17:01:52","guid":{"rendered":"https:\/\/lacuevadedominguez.net.pe\/?p=10873"},"modified":"2021-08-24T12:01:57","modified_gmt":"2021-08-24T17:01:57","slug":"nueva-especie-de-lagarto-es-descubierto-en-el-desierto-costero-de-la-region-tacna","status":"publish","type":"post","link":"https:\/\/lacuevadedominguez.net.pe\/index.php\/2021\/08\/24\/nueva-especie-de-lagarto-es-descubierto-en-el-desierto-costero-de-la-region-tacna\/","title":{"rendered":"Nueva especie de lagarto es descubierto en el desierto costero de la regi\u00f3n Tacna"},"content":{"rendered":"\n<p>El Per\u00fa realiza un nuevo aporte a la biodiversidad del mundo. Esta vez mediante el descubrimiento de una nueva especie de lagarto para la ciencia, registrado como <strong>parte de un estudio de investigaci\u00f3n liderado por investigadores de cinco pa\u00edses, del cual forma parte Roberto Guti\u00e9rrez, especialista del Servicio Nacional de \u00c1reas Naturales Protegidas por el Estado (Sernanp)<\/strong>, organismo adscrito al ministerio del Ambiente.<\/p>\n\n\n\n<p>Se trata de\u00a0<strong><em>Liolaemus basadrei<\/em>, <\/strong>especie del g\u00e9nero\u00a0<em>Liolaemus<\/em>\u00a0perteneciente a la familia Liolaemidae, que fue nombrada as\u00ed en homenaje al gran historiador tacne\u00f1o Jorge Basadre Grohmann.<\/p>\n\n\n\n<p>El estudio fue realizado por los investigadores peruanos Pablo Franco, Cesar Jove, Marco Alberto Navarro Guzm\u00e1n, Javier Ignacio-Apaza, Cesar C\u00e1ceres y Roberto Guti\u00e9rrez, junto a Pablo Valladares-Fa\u00fandez de Chile, \u00c1lvaro Aguilar-Kirigin de Bolivia, Robert Langstroth de Estados Unidos y Cristian Abdala de Argentina.<\/p>\n\n\n\n<p>Entre las <strong>principales caracter\u00edsticas de esta nueva especie destaca sus tonos rojizos y escamas celestes. Fue registrada en elevaciones cercanas a los 1000 metros sobre el nivel del mar, en el hiper\u00e1rido desierto del Pac\u00edfico.<\/strong><\/p>\n\n\n\n<p>Debido a su distribuci\u00f3n restringida y siendo una especie microend\u00e9mica (\u00fanica) de los cerros de Tacna, <strong>se propone su inclusi\u00f3n en la lista de especies amenazadas en la m\u00e1xima categor\u00eda de Per\u00fa: En Peligro Cr\u00edtico (CR).<\/strong><\/p>\n\n\n\n<p>Roberto adem\u00e1s es Investigador Asociado y Curador del \u00c1rea de Herpetolog\u00eda del<strong> Museo de Historia Natural de la Universidad Nacional de San Agust\u00edn de Arequipa; <\/strong>y calificado como Investigador RENACYT por el CONCYTEC. Ha descrito una decena de especies de lagartijas del G\u00e9nero\u00a0<em>Liolaemus<\/em>\u00a0de Per\u00fa, Bolivia y Argentina, as\u00ed como varias especies de ranas, muchas de ellas en \u00c1reas Naturales Protegidas. En la actualidad est\u00e1 realizando una investigaci\u00f3n de revisi\u00f3n de estas lagartijas en Per\u00fa y pr\u00f3ximamente nos trae nuevas noticias para las ANP del Sur del Per\u00fa.<\/p>\n\n\n\n<p><strong>Dato:<\/strong><\/p>\n\n\n\n<p><strong>El g\u00e9nero\u00a0<em>Liolaemus<\/em>\u00a0representa uno de los m\u00e1s diversos que se conocen, con alrededor de 270 especies<\/strong>. Su distribuci\u00f3n abarca gran parte de la superficie de Sudam\u00e9rica, y sus especies est\u00e1n adaptadas a una extraordinaria variedad de h\u00e1bitats.<\/p>\n","protected":false},"excerpt":{"rendered":"<p>El Per\u00fa realiza un nuevo aporte a la biodiversidad del mundo. Esta vez mediante el descubrimiento de una nueva especie<\/p>\n","protected":false},"author":1,"featured_media":10874,"comment_status":"open","ping_status":"open","sticky":false,"template":"","format":"standard","meta":{"colormag_page_container_layout":"default_layout","colormag_page_sidebar_layout":"default_layout","footnotes":""},"categories":[11],"tags":[2217,2634,1638,135,210],"class_list":["post-10873","post","type-post","status-publish","format-standard","has-post-thumbnail","hentry","category-turismo","tag-areas-naturales-protegidas-2","tag-destino-tacna","tag-especies-endemicas","tag-sernanp","tag-turismo-sostenible"],"_links":{"self":[{"href":"https:\/\/lacuevadedominguez.net.pe\/index.php\/wp-json\/wp\/v2\/posts\/10873","targetHints":{"allow":["GET"]}}],"collection":[{"href":"https:\/\/lacuevadedominguez.net.pe\/index.php\/wp-json\/wp\/v2\/posts"}],"about":[{"href":"https:\/\/lacuevadedominguez.net.pe\/index.php\/wp-json\/wp\/v2\/types\/post"}],"author":[{"embeddable":true,"href":"https:\/\/lacuevadedominguez.net.pe\/index.php\/wp-json\/wp\/v2\/users\/1"}],"replies":[{"embeddable":true,"href":"https:\/\/lacuevadedominguez.net.pe\/index.php\/wp-json\/wp\/v2\/comments?post=10873"}],"version-history":[{"count":1,"href":"https:\/\/lacuevadedominguez.net.pe\/index.php\/wp-json\/wp\/v2\/posts\/10873\/revisions"}],"predecessor-version":[{"id":10875,"href":"https:\/\/lacuevadedominguez.net.pe\/index.php\/wp-json\/wp\/v2\/posts\/10873\/revisions\/10875"}],"wp:featuredmedia":[{"embeddable":true,"href":"https:\/\/lacuevadedominguez.net.pe\/index.php\/wp-json\/wp\/v2\/media\/10874"}],"wp:attachment":[{"href":"https:\/\/lacuevadedominguez.net.pe\/index.php\/wp-json\/wp\/v2\/media?parent=10873"}],"wp:term":[{"taxonomy":"category","embeddable":true,"href":"https:\/\/lacuevadedominguez.net.pe\/index.php\/wp-json\/wp\/v2\/categories?post=10873"},{"taxonomy":"post_tag","embeddable":true,"href":"https:\/\/lacuevadedominguez.net.pe\/index.php\/wp-json\/wp\/v2\/tags?post=10873"}],"curies":[{"name":"wp","href":"https:\/\/api.w.org\/{rel}","templated":true}]}}