{"id":10966,"date":"2021-09-14T17:59:00","date_gmt":"2021-09-14T22:59:00","guid":{"rendered":"https:\/\/lacuevadedominguez.net.pe\/?p=10966"},"modified":"2021-09-14T12:12:52","modified_gmt":"2021-09-14T17:12:52","slug":"casa-andina-anuncia-apertura-de-hotel-dirigido-al-sector-corporativo-en-miraflores","status":"publish","type":"post","link":"https:\/\/lacuevadedominguez.net.pe\/index.php\/2021\/09\/14\/casa-andina-anuncia-apertura-de-hotel-dirigido-al-sector-corporativo-en-miraflores\/","title":{"rendered":"Casa Andina anuncia apertura de hotel dirigido al sector corporativo en Miraflores"},"content":{"rendered":"\n<p>Pese a que el turismo es uno de los sectores m\u00e1s golpeados por la pandemia, ya se pueden notar signos de recuperaci\u00f3n. Este es uno de ellos, la cadena de hoteles l\u00edder en Per\u00fa, <strong>Casa Andina, anunci\u00f3 la apertura de su nuevo hotel Casa Andina Standard Benavides <\/strong>que estar\u00e1 ubicado estrat\u00e9gicamente en el coraz\u00f3n de Miraflores.<\/p>\n\n\n\n<p>\u201c<em>Este es el primer hotel que inauguramos desde que inici\u00f3 la pandemia y esto representa un paso m\u00e1s en direcci\u00f3n a la reactivaci\u00f3n del sector. Pese a la situaci\u00f3n actual, creemos en el retorno responsable y gradual del turismo y de la oferta hotelera<\/em>\u201d, coment\u00f3 Juan Stoessel, CEO de Casa Andina.<\/p>\n\n\n\n<p>Casa Andina Standard Benavides, que abri\u00f3 sus puertas el pasado 1 de setiembre, est\u00e1 dirigido al sector corporativo y tur\u00edstico nacional e internacional. <strong>Se trata del hotel 3 estrellas m\u00e1s moderno de Lima, ubicado en la Av. Benavides con Bajada Balta<\/strong>, a solo 1 cuadra del Parque Kennedy.<\/p>\n\n\n\n<p>\u201c<em>Este es un hotel de 94 habitaciones c\u00f3modas y funcionales, que contar\u00e1 con espacios para co-working, sala de reuniones, restaurante, estacionamiento y todas las comodidades para que nuestros hu\u00e9spedes tengan la mejor experiencia\u00bb.<\/em><\/p>\n\n\n\n<p><strong>Recuperaci\u00f3n del mercado hotelero<\/strong><\/p>\n\n\n\n<p>El CEO de la cadena y experto del rubro tur\u00edstico conf\u00eda en que el turismo nacional siga creciendo, as\u00ed como el turismo receptivo, pero la velocidad de crecimiento es a\u00fan incierta. \u201c<em>Probablemente el pr\u00f3ximo a\u00f1o el turismo receptivo represente m\u00e1s o menos el 30 % de lo que fue en 2019<\/em>\u201d.<\/p>\n\n\n\n<p>\u201c<em>El proceso de vacunaci\u00f3n contra la COVID-19 ha jugado un rol trascendental, la gente tiene m\u00e1s confianza en viajar. A esto debemos sumarle que los hoteles formales cuentan con protocolos de bioseguridad y con certificaciones de calidad, en el caso de nuestra cadena, contamos con la certificaci\u00f3n<\/em><em>&nbsp;de Bureau Veritas<\/em>\u201d, se\u00f1al\u00f3 Stoessel.<\/p>\n\n\n\n<p><strong>Expectativas de la cadena<\/strong><\/p>\n\n\n\n<p>La cadena proyecta recuperar su volumen prepandemia en el 2023, siendo el 2022 un a\u00f1o de transici\u00f3n, \u201c<em>esto depender\u00e1 mucho del estado de la pandemia y de la estabilidad pol\u00edtica y econ\u00f3mica del pa\u00eds<\/em>\u201d, se\u00f1al\u00f3 Stoessel. &nbsp;<\/p>\n\n\n\n<p>Entre los planes confirmados, adem\u00e1s de la apertura del hotel en Miraflores, est\u00e1 la inauguraci\u00f3n de un hotel en Ilo hacia el primer trimestre del <strong>otro a\u00f1o y el lanzamiento de un nuevo modelo de negocio llamado Red de hoteles asociados Casa Andina.<\/strong><\/p>\n","protected":false},"excerpt":{"rendered":"<p>Pese a que el turismo es uno de los sectores m\u00e1s golpeados por la pandemia, ya se pueden notar signos<\/p>\n","protected":false},"author":1,"featured_media":10967,"comment_status":"open","ping_status":"open","sticky":false,"template":"","format":"standard","meta":{"colormag_page_container_layout":"default_layout","colormag_page_sidebar_layout":"default_layout","footnotes":""},"categories":[11],"tags":[1832,2142],"class_list":["post-10966","post","type-post","status-publish","format-standard","has-post-thumbnail","hentry","category-turismo","tag-cadena-casa-andina","tag-hoteles-miraflores"],"_links":{"self":[{"href":"https:\/\/lacuevadedominguez.net.pe\/index.php\/wp-json\/wp\/v2\/posts\/10966","targetHints":{"allow":["GET"]}}],"collection":[{"href":"https:\/\/lacuevadedominguez.net.pe\/index.php\/wp-json\/wp\/v2\/posts"}],"about":[{"href":"https:\/\/lacuevadedominguez.net.pe\/index.php\/wp-json\/wp\/v2\/types\/post"}],"author":[{"embeddable":true,"href":"https:\/\/lacuevadedominguez.net.pe\/index.php\/wp-json\/wp\/v2\/users\/1"}],"replies":[{"embeddable":true,"href":"https:\/\/lacuevadedominguez.net.pe\/index.php\/wp-json\/wp\/v2\/comments?post=10966"}],"version-history":[{"count":1,"href":"https:\/\/lacuevadedominguez.net.pe\/index.php\/wp-json\/wp\/v2\/posts\/10966\/revisions"}],"predecessor-version":[{"id":10968,"href":"https:\/\/lacuevadedominguez.net.pe\/index.php\/wp-json\/wp\/v2\/posts\/10966\/revisions\/10968"}],"wp:featuredmedia":[{"embeddable":true,"href":"https:\/\/lacuevadedominguez.net.pe\/index.php\/wp-json\/wp\/v2\/media\/10967"}],"wp:attachment":[{"href":"https:\/\/lacuevadedominguez.net.pe\/index.php\/wp-json\/wp\/v2\/media?parent=10966"}],"wp:term":[{"taxonomy":"category","embeddable":true,"href":"https:\/\/lacuevadedominguez.net.pe\/index.php\/wp-json\/wp\/v2\/categories?post=10966"},{"taxonomy":"post_tag","embeddable":true,"href":"https:\/\/lacuevadedominguez.net.pe\/index.php\/wp-json\/wp\/v2\/tags?post=10966"}],"curies":[{"name":"wp","href":"https:\/\/api.w.org\/{rel}","templated":true}]}}