{"id":11253,"date":"2021-10-13T11:12:00","date_gmt":"2021-10-13T16:12:00","guid":{"rendered":"https:\/\/lacuevadedominguez.net.pe\/?p=11253"},"modified":"2021-10-19T10:40:19","modified_gmt":"2021-10-19T15:40:19","slug":"hecho-en-casa-estrena-nuevos-episodios-de-lunes-a-viernes-por-el-gourmet-tv","status":"publish","type":"post","link":"https:\/\/lacuevadedominguez.net.pe\/index.php\/2021\/10\/13\/hecho-en-casa-estrena-nuevos-episodios-de-lunes-a-viernes-por-el-gourmet-tv\/","title":{"rendered":"\u201cHecho en casa\u201d\u00a0estrena nuevos episodios de lunes a viernes, por El Gourmet TV"},"content":{"rendered":"\n<p>El reconocido <strong>chef argentino Diego Gera<\/strong> llega con una nueva serie a<strong>\u00a0El Gourmet<\/strong>. \u201c<strong>Hecho en casa<\/strong>\u201d\u00a0<strong>estrena nuevos episodios de lunes a viernes a las 11:30 a.m.<\/strong><\/p>\n\n\n\n<p>Reconocido en el circuito gastron\u00f3mico del pa\u00eds, Diego Gera estuvo como invitado en el programa de El Gourmet \u201cCocina de Autor\u201d junto a Dolli Irigoyen y en 2021 vuelve a la se\u00f1al \u2018Hecho en casa\u2019, <strong>una serie que busca elevar la cocina casera<\/strong>.<\/p>\n\n\n\n<p>El chef Diego Gera despliega toda su experiencia en un recetario compuesto por sus platos caseros m\u00e1s queridos. Las recetas que conoce desde su ni\u00f1ez, los que se preparaban en su familia o disfrutaba en los m\u00e1s cl\u00e1sicos restaurantes porte\u00f1os. <strong>Zapallitos rellenos, suprema a la Maryland, alb\u00f3ndigas con pur\u00e9 son algunas de las delicias cl\u00e1sicas para la mesa de todos los d\u00edas que se pueden ver a lo largo de 22 episodios<\/strong>, con los toques que solo Diego puede darles.<\/p>\n\n\n\n<p>En \u201cHecho en casa\u201d, el chef argentino comparte lo mejor de su recetario. En el primer episodio muestra recetas que aprendi\u00f3 de su bisabuela: Pascualina de alcauciles con masa casera y un relleno super tentador. Adem\u00e1s, un h\u00edgado grillado acompa\u00f1ado por harina de ma\u00edz blanca frita. \u00a1Dos opciones ideales para seguir la tradici\u00f3n!<\/p>\n\n\n\n<p><strong>\u201cHecho en casa\u201d se repite los s\u00e1bados y domingos de octubre a las 11:00 a.m.<\/strong><\/p>\n\n\n\n<p>La se\u00f1al puede verse en Per\u00fa por Claro TV (canal 110), DirecTV (canal 232) y Movistar TV (canal 758 HD).<\/p>\n\n\n\n<p><strong><u>Para m\u00e1s informaci\u00f3n<\/u><\/strong><strong>:<\/strong>&nbsp;<\/p>\n\n\n\n<p>Website:&nbsp;<a href=\"http:\/\/www.elgourmet.com\/\" target=\"_blank\" rel=\"noopener\">elgourmet<\/a>&nbsp;&nbsp;<\/p>\n\n\n\n<p>Instagram:&nbsp;<a href=\"http:\/\/www.instagram.com\/elgourmet.tv\" target=\"_blank\" rel=\"noopener\">@elgourmetTV<\/a>&nbsp;&nbsp;<\/p>\n\n\n\n<p>Facebook:&nbsp;<a href=\"http:\/\/www.facebook.com\/elgourmet\" target=\"_blank\" rel=\"noopener\">@elgourmet<\/a>&nbsp;&nbsp;<\/p>\n\n\n\n<p>Twitter:&nbsp;<a href=\"http:\/\/www.twitter.com\/elgourmet\" target=\"_blank\" rel=\"noopener\">@elgourmet<\/a>&nbsp;&nbsp;&nbsp;&nbsp;<\/p>\n\n\n\n<p>Youtube:&nbsp;<a href=\"http:\/\/www.youtube.com\/elgourmet\" target=\"_blank\" rel=\"noopener\">@elgourmet<\/a>&nbsp;<\/p>\n\n\n\n<p>Pinterest:&nbsp;&nbsp;<a href=\"https:\/\/www.pinterest.com\/elgourmet\" target=\"_blank\" rel=\"noopener\">@elgourmet<\/a><\/p>\n\n\n\n<p>Tik Tok:\u00a0\u00a0<a href=\"https:\/\/www.tiktok.com\/@elgourmet\" target=\"_blank\" rel=\"noopener\">@elgourmet<\/a><\/p>\n\n\n\n<p><\/p>\n\n\n\n<p>F<em>uente: <a href=\"https:\/\/seccionnoticias.net.pe\/index.php\/2021\/10\/12\/platos-caseros-a-otro-nivel-diego-gera-llega-a-el-gourmet-con-la-serie-hecho-en-casa\/\" target=\"_blank\" rel=\"noreferrer noopener\">SeccioNNoticias<\/a><\/em><\/p>\n","protected":false},"excerpt":{"rendered":"<p>El reconocido chef argentino Diego Gera llega con una nueva serie a\u00a0El Gourmet. \u201cHecho en casa\u201d\u00a0estrena nuevos episodios de lunes<\/p>\n","protected":false},"author":1,"featured_media":11254,"comment_status":"closed","ping_status":"open","sticky":false,"template":"","format":"standard","meta":{"colormag_page_container_layout":"default_layout","colormag_page_sidebar_layout":"default_layout","footnotes":""},"categories":[3],"tags":[2757,2192,58,464],"class_list":["post-11253","post","type-post","status-publish","format-standard","has-post-thumbnail","hentry","category-lifestyle","tag-chef-diego-gera","tag-el-gourmet-tv","tag-gastronomia","tag-prensa-gastronomica"],"_links":{"self":[{"href":"https:\/\/lacuevadedominguez.net.pe\/index.php\/wp-json\/wp\/v2\/posts\/11253","targetHints":{"allow":["GET"]}}],"collection":[{"href":"https:\/\/lacuevadedominguez.net.pe\/index.php\/wp-json\/wp\/v2\/posts"}],"about":[{"href":"https:\/\/lacuevadedominguez.net.pe\/index.php\/wp-json\/wp\/v2\/types\/post"}],"author":[{"embeddable":true,"href":"https:\/\/lacuevadedominguez.net.pe\/index.php\/wp-json\/wp\/v2\/users\/1"}],"replies":[{"embeddable":true,"href":"https:\/\/lacuevadedominguez.net.pe\/index.php\/wp-json\/wp\/v2\/comments?post=11253"}],"version-history":[{"count":1,"href":"https:\/\/lacuevadedominguez.net.pe\/index.php\/wp-json\/wp\/v2\/posts\/11253\/revisions"}],"predecessor-version":[{"id":11255,"href":"https:\/\/lacuevadedominguez.net.pe\/index.php\/wp-json\/wp\/v2\/posts\/11253\/revisions\/11255"}],"wp:featuredmedia":[{"embeddable":true,"href":"https:\/\/lacuevadedominguez.net.pe\/index.php\/wp-json\/wp\/v2\/media\/11254"}],"wp:attachment":[{"href":"https:\/\/lacuevadedominguez.net.pe\/index.php\/wp-json\/wp\/v2\/media?parent=11253"}],"wp:term":[{"taxonomy":"category","embeddable":true,"href":"https:\/\/lacuevadedominguez.net.pe\/index.php\/wp-json\/wp\/v2\/categories?post=11253"},{"taxonomy":"post_tag","embeddable":true,"href":"https:\/\/lacuevadedominguez.net.pe\/index.php\/wp-json\/wp\/v2\/tags?post=11253"}],"curies":[{"name":"wp","href":"https:\/\/api.w.org\/{rel}","templated":true}]}}