{"id":11392,"date":"2021-11-30T18:26:00","date_gmt":"2021-11-30T23:26:00","guid":{"rendered":"https:\/\/lacuevadedominguez.net.pe\/?p=11392"},"modified":"2021-11-29T21:45:25","modified_gmt":"2021-11-30T02:45:25","slug":"la-segunda-edicion-de-barcelona-wine-week-regresa-en-febrero-2022","status":"publish","type":"post","link":"https:\/\/lacuevadedominguez.net.pe\/index.php\/2021\/11\/30\/la-segunda-edicion-de-barcelona-wine-week-regresa-en-febrero-2022\/","title":{"rendered":"La segunda edici\u00f3n de \u00abBarcelona Wine Week\u00bb regresa en febrero 2022"},"content":{"rendered":"\n<p><strong>Barcelona Wine Week (BWW)<\/strong>, el sal\u00f3n de referencia del vino espa\u00f1ol organizado por\u00a0<strong>Alimentaria Exhibitions<\/strong>, tendr\u00e1 lugar del <strong>7 al 9 de febrero de 2022 en el recinto ferial de Montju\u00efc de\u00a0Fira de Barcelona<\/strong>. El\u00a0<a rel=\"noreferrer noopener\" href=\"https:\/\/www.barcelonawineweek.com\/\" target=\"_blank\">evento<\/a>\u00a0volver\u00e1 a congregar la mayor oferta vitivin\u00edcola de Espa\u00f1a para mostrar toda su potencia y variedad ante los compradores nacionales e internacionales y contribuir, tras la pandemia, a la recuperaci\u00f3n de las ventas y la consolidaci\u00f3n de su internacionalizaci\u00f3n. As\u00ed lo indica la gran acogida que la industria ha dispensado a la cita que reunir\u00e1 a m\u00e1s de 600 bodegas, la pr\u00e1ctica totalidad de las Denominaciones de Origen y las marcas m\u00e1s consolidadas del mercado.<\/p>\n\n\n\n<p>De este modo, la segunda edici\u00f3n de&nbsp;<strong>Barcelona Wine Week<\/strong>&nbsp;toma impulso y cuenta ya con una importante parte de su espacio reservado (cerca del 77%) y con la confirmaci\u00f3n de participaci\u00f3n de m\u00e1s de 400 empresas y firmas distribuidoras.<\/p>\n\n\n\n<h4 class=\"wp-block-heading\"><strong>Barcelona Wine Week 2022<\/strong><\/h4>\n\n\n\n<p>BWW 2022 reunir\u00e1 en el palacio 8 del recinto de Montjuic de Fira de Barcelona a toda la diversidad del vino espa\u00f1ol, desde peque\u00f1as bodegas con gran vocaci\u00f3n internacional hasta las marcas m\u00e1s emblem\u00e1ticas y reconocidas del panorama vitivin\u00edcola espa\u00f1ol.<\/p>\n\n\n\n<p>El sal\u00f3n potenciar\u00e1 de nuevo un modelo expositivo que lo hace \u00fanico y que propone un recorrido experiencial por el territorio vitivin\u00edcola nacional a trav\u00e9s de un formato articulado en torno a la gran variedad de zonas productoras, favoreciendo la presencia igualitaria entre las bodegas y las marcas participantes.<\/p>\n\n\n\n<p>Como en su primera edici\u00f3n, <strong>la zona comercial se estructurar\u00e1 en dos grandes \u00e1reas: BWW Lands, que reunir\u00e1 a las bodegas organizadas por Denominaciones de Origen y otros sellos de calidad; y BWW Brands, donde se encontrar\u00e1n tambi\u00e9n las marcas m\u00e1s emblem\u00e1ticas y reconocidas<\/strong> junto a empresas que ofrecen equipos, accesorios y servicios al sector.\u00a0 En paralelo, el sal\u00f3n desarrollar\u00e1 un amplio programa de actividades que potenciar\u00e1 las experiencias formativas y sensoriales ligadas al vino.<\/p>\n\n\n\n<p>La excelente acogida comercial que el sector est\u00e1 dispensando a&nbsp;<strong>BWW<\/strong>, con un ritmo de contrataci\u00f3n a niveles de prepandemia, constata que el mercado del vino da signos de reactivaci\u00f3n. A su favor juega la ventajosa posici\u00f3n del sal\u00f3n en el calendario internacional de ferias de sector. Como explica su responsable, Marta Mac\u00edas, \u00ab<strong>Barcelona Wine Week<\/strong>&nbsp;ser\u00e1 el primer certamen del a\u00f1o 2022, tanto en Espa\u00f1a como en sus mercados de influencia, lo que sin duda le otorga una importante ventaja competitiva respecto a otras convocatorias del sector\u00bb.<\/p>\n\n\n\n<p><strong>En Espa\u00f1a hay plantadas cerca de 150 variedades aut\u00f3ctonas de uva.<\/strong> BWW 2022 pretende visibilizar y dar proyecci\u00f3n internacional a todas estas variedades hist\u00f3ricas, vinificaciones olvidadas y ahora minoritarias, pero de gran inter\u00e9s por su resistencia y contribuci\u00f3n a la preservaci\u00f3n del medio ambiente.<\/p>\n\n\n\n<p>Para Mac\u00edas, estas variedades son \u00abm\u00e1s aut\u00e9nticas, resistentes y referentes de una agricultura sostenible que lucha en contra del cambio clim\u00e1tico. Por ello, su recuperaci\u00f3n es una tendencia al alza a la que se est\u00e1n dedicando tanto peque\u00f1as productoras como bodegas de gran tama\u00f1o\u00bb.<\/p>\n\n\n\n<p><strong>BWW<\/strong>&nbsp;cuenta con una Comisi\u00f3n Organizadora que representa la totalidad de los intereses del sector en Espa\u00f1a. Presidida por Javier Pag\u00e9s, presidente tambi\u00e9n de la DO Cava, est\u00e1 compuesta por Jos\u00e9 Miguel Herrero, director general Industria Alimentaria del MAPA; Mar\u00eda Naranjo, directora de Alimentos, Vinos y Gastronom\u00eda de ICEX Espa\u00f1a Exportaci\u00f3n e Inversiones; Jos\u00e9 Luis Ben\u00edtez, director general de la Federaci\u00f3n Espa\u00f1ola del Vino; Valent\u00ed Roqueta, presidente de la Asociaci\u00f3n Vin\u00edcola Catalana; y David Palacios, presidente de la Conferencia Espa\u00f1ola de Consejos Reguladores Vitivin\u00edcolas CECRV; entre otras destacadas personalidades del \u00e1mbito institucional y empresarial.<\/p>\n\n\n\n<p>Cerca de 15.600 profesionales asistieron al estreno de BWW, en febrero de 2020, un 13% de ellos procedentes de 54 pa\u00edses.<\/p>\n\n\n\n<p><\/p>\n\n\n\n<p><em>Fuente: Barcelona Wine Week<\/em> <em>(extra\u00eddo de Excelencias Gourmet)<\/em><\/p>\n","protected":false},"excerpt":{"rendered":"<p>Barcelona Wine Week (BWW), el sal\u00f3n de referencia del vino espa\u00f1ol organizado por\u00a0Alimentaria Exhibitions, tendr\u00e1 lugar del 7 al 9<\/p>\n","protected":false},"author":1,"featured_media":11393,"comment_status":"closed","ping_status":"open","sticky":false,"template":"","format":"standard","meta":{"colormag_page_container_layout":"default_layout","colormag_page_sidebar_layout":"default_layout","footnotes":""},"categories":[2],"tags":[2790,2791,724,532,464,2792],"class_list":["post-11392","post","type-post","status-publish","format-standard","has-post-thumbnail","hentry","category-eventos","tag-barcelona-wine-week","tag-destino-barcelona","tag-enoturismo","tag-periodista-cecilia-portella","tag-prensa-gastronomica","tag-vinos-catalanes"],"_links":{"self":[{"href":"https:\/\/lacuevadedominguez.net.pe\/index.php\/wp-json\/wp\/v2\/posts\/11392","targetHints":{"allow":["GET"]}}],"collection":[{"href":"https:\/\/lacuevadedominguez.net.pe\/index.php\/wp-json\/wp\/v2\/posts"}],"about":[{"href":"https:\/\/lacuevadedominguez.net.pe\/index.php\/wp-json\/wp\/v2\/types\/post"}],"author":[{"embeddable":true,"href":"https:\/\/lacuevadedominguez.net.pe\/index.php\/wp-json\/wp\/v2\/users\/1"}],"replies":[{"embeddable":true,"href":"https:\/\/lacuevadedominguez.net.pe\/index.php\/wp-json\/wp\/v2\/comments?post=11392"}],"version-history":[{"count":1,"href":"https:\/\/lacuevadedominguez.net.pe\/index.php\/wp-json\/wp\/v2\/posts\/11392\/revisions"}],"predecessor-version":[{"id":11394,"href":"https:\/\/lacuevadedominguez.net.pe\/index.php\/wp-json\/wp\/v2\/posts\/11392\/revisions\/11394"}],"wp:featuredmedia":[{"embeddable":true,"href":"https:\/\/lacuevadedominguez.net.pe\/index.php\/wp-json\/wp\/v2\/media\/11393"}],"wp:attachment":[{"href":"https:\/\/lacuevadedominguez.net.pe\/index.php\/wp-json\/wp\/v2\/media?parent=11392"}],"wp:term":[{"taxonomy":"category","embeddable":true,"href":"https:\/\/lacuevadedominguez.net.pe\/index.php\/wp-json\/wp\/v2\/categories?post=11392"},{"taxonomy":"post_tag","embeddable":true,"href":"https:\/\/lacuevadedominguez.net.pe\/index.php\/wp-json\/wp\/v2\/tags?post=11392"}],"curies":[{"name":"wp","href":"https:\/\/api.w.org\/{rel}","templated":true}]}}