{"id":11740,"date":"2022-03-09T17:56:00","date_gmt":"2022-03-09T22:56:00","guid":{"rendered":"https:\/\/lacuevadedominguez.net.pe\/?p=11740"},"modified":"2022-03-08T20:52:12","modified_gmt":"2022-03-09T01:52:12","slug":"apavit-organiza-la-feria-nacional-e-internacional-de-turismo-del-24-al-25-de-marzo","status":"publish","type":"post","link":"https:\/\/lacuevadedominguez.net.pe\/index.php\/2022\/03\/09\/apavit-organiza-la-feria-nacional-e-internacional-de-turismo-del-24-al-25-de-marzo\/","title":{"rendered":"APAVIT organiza la Feria Nacional e Internacional de Turismo del 24 al 25 de marzo"},"content":{"rendered":"\n<p>Con el fin de realzar los 75 a\u00f1os de creaci\u00f3n de la <strong>Asociaci\u00f3n Peruana de Agencias de Viajes y Turismo (APAVIT),<\/strong> el Santuario Patri\u00f3tico del Parque El Reducto #2 del distrito de Miraflores (Lima) ser\u00e1 sede de la Feria Nacional e Internacional de Turismo \u2013 APAVIT 2022, a realizarse del 24 al 25 de marzo pr\u00f3ximo.<\/p>\n\n\n\n<p><strong>Su presidente, Ricardo Acosta estim\u00f3 la presencia de unas 100 empresas nacionales y extranjeras<\/strong>, entre embajadas, l\u00edneas a\u00e9reas, hoteles, agencias de viajes, tour operadores, mayoristas, proveedores y municipalidades distritales, entre otros que expondr\u00e1n sus principales servicios a la comunidad local e internacional.<\/p>\n\n\n\n<p>\u201cLo primordial es que el <strong>Parque el Reducto # 2 de Miraflores <\/strong>es un espacio propicio en tiempo de pandemia al estar al aire libre, contar con el distanciamiento prudencial entre cada stand y contar con todos los protocolos indicados\u201d, afirm\u00f3.<\/p>\n\n\n\n<p>Agreg\u00f3 que la feria a realizarse del 24 al 25 de marzo pr\u00f3ximo ser\u00e1 la mejor realizada en los \u00faltimos tiempos a nivel nacional debido a las ofertas que ofrecer\u00e1n de parte de las diferentes empresas participantes y a la misma vez, un esfuerzo que realiza APAVIT en recuperar al turismo como una actividad econ\u00f3mica importante para nuestro pa\u00eds.<\/p>\n\n\n\n<p>Al ser consultado sobre el incremento del n\u00famero L\u00edneas A\u00e9reas en la participaci\u00f3n en la nueva edici\u00f3n ferial, Acosta manifest\u00f3 que se debe al \u00e9xito y la repercusi\u00f3n positiva en cuanto a negocios que se dieron en el evento ferial desarrollado en el mes de octubre del a\u00f1o pasado.<\/p>\n\n\n\n<p>A la fecha, <strong>han confirmado la participaci\u00f3n de ocho aerol\u00edneas<\/strong> que son: Aerodiana, Aerol\u00ednea Boa, Air Canad\u00e1, Air France, American Airlines, Jetsmart, KLM \/ Air France y Plus Ultra.<\/p>\n\n\n\n<p>Otras empresas que han confirmado su asistencia son: Cajamarca, CTM, Dika Travel, Embajada de la India, Euroamerican Assistance, Green Llama, Interwelt, Mapi Adventure Travel Agency EIRL, MP Representaciones, Mundo Total, Savali \u2013 Celebrity Caribbean, Savali \u2013 Royal Caribbean, TIY EIRL (Anahuarque Hotel Boutique), Travel Solutions Assistance, Viajes Express, Viajes Picaflor, Vidatur, Viva Cusco y Assist Card.<\/p>\n\n\n\n<p>Igualmente expondr\u00e1n: Ada Vega Turizm Tacimacilik Gemicilik TIC., LTD., STI. (Turqu\u00eda), \u00c1gil, APAVIT Cajamarca, Assist Med, Antipax, ATM \u2013 Jade, Bonna Tours, Civitatis, Embajada de los Estados Unidos \/ Visit USA, Expediciones Las Balsas, Go Trip Mayorista, Hotel Emancipador (Paracas, Ica), Hotel Rumi Punku de Cusco, Hotel Sonesta, Marfes Tours, Municipalidad de Machu Picchu, Proyecto Arqueol\u00f3gico Huacas de Moche, Turismo Explorer de Amazonas, V\u00e9rtigo Cusco y Visit Florida.<\/p>\n\n\n\n<p>Finalmente, el titular de APAVIT estim\u00f3 que, <strong>durante los dos d\u00edas de la feria, se espera la visita de unas 1,500 personas<\/strong>, entre hombres de negocios, autoridades gubernamentales, diplom\u00e1ticos y empresarios de la actividad tur\u00edstica, as\u00ed como p\u00fablico en general que dar\u00e1n realce al evento ferial.<\/p>\n","protected":false},"excerpt":{"rendered":"<p>Con el fin de realzar los 75 a\u00f1os de creaci\u00f3n de la Asociaci\u00f3n Peruana de Agencias de Viajes y Turismo<\/p>\n","protected":false},"author":1,"featured_media":11741,"comment_status":"closed","ping_status":"open","sticky":false,"template":"","format":"standard","meta":{"colormag_page_container_layout":"default_layout","colormag_page_sidebar_layout":"default_layout","footnotes":""},"categories":[2],"tags":[2125,2924,465,2126,179],"class_list":["post-11740","post","type-post","status-publish","format-standard","has-post-thumbnail","hentry","category-eventos","tag-apavit","tag-feria-de-turismo-apavit","tag-prensa-de-turismo","tag-ricardo-acosta","tag-turismo-peru"],"_links":{"self":[{"href":"https:\/\/lacuevadedominguez.net.pe\/index.php\/wp-json\/wp\/v2\/posts\/11740","targetHints":{"allow":["GET"]}}],"collection":[{"href":"https:\/\/lacuevadedominguez.net.pe\/index.php\/wp-json\/wp\/v2\/posts"}],"about":[{"href":"https:\/\/lacuevadedominguez.net.pe\/index.php\/wp-json\/wp\/v2\/types\/post"}],"author":[{"embeddable":true,"href":"https:\/\/lacuevadedominguez.net.pe\/index.php\/wp-json\/wp\/v2\/users\/1"}],"replies":[{"embeddable":true,"href":"https:\/\/lacuevadedominguez.net.pe\/index.php\/wp-json\/wp\/v2\/comments?post=11740"}],"version-history":[{"count":1,"href":"https:\/\/lacuevadedominguez.net.pe\/index.php\/wp-json\/wp\/v2\/posts\/11740\/revisions"}],"predecessor-version":[{"id":11742,"href":"https:\/\/lacuevadedominguez.net.pe\/index.php\/wp-json\/wp\/v2\/posts\/11740\/revisions\/11742"}],"wp:featuredmedia":[{"embeddable":true,"href":"https:\/\/lacuevadedominguez.net.pe\/index.php\/wp-json\/wp\/v2\/media\/11741"}],"wp:attachment":[{"href":"https:\/\/lacuevadedominguez.net.pe\/index.php\/wp-json\/wp\/v2\/media?parent=11740"}],"wp:term":[{"taxonomy":"category","embeddable":true,"href":"https:\/\/lacuevadedominguez.net.pe\/index.php\/wp-json\/wp\/v2\/categories?post=11740"},{"taxonomy":"post_tag","embeddable":true,"href":"https:\/\/lacuevadedominguez.net.pe\/index.php\/wp-json\/wp\/v2\/tags?post=11740"}],"curies":[{"name":"wp","href":"https:\/\/api.w.org\/{rel}","templated":true}]}}