{"id":11795,"date":"2022-03-24T10:40:00","date_gmt":"2022-03-24T15:40:00","guid":{"rendered":"https:\/\/lacuevadedominguez.net.pe\/?p=11795"},"modified":"2022-03-31T19:57:08","modified_gmt":"2022-04-01T00:57:08","slug":"jose-koechlin-fue-elegido-presidente-de-la-sociedad-hoteles-del-peru","status":"publish","type":"post","link":"https:\/\/lacuevadedominguez.net.pe\/index.php\/2022\/03\/24\/jose-koechlin-fue-elegido-presidente-de-la-sociedad-hoteles-del-peru\/","title":{"rendered":"Jos\u00e9 Koechlin fue elegido Presidente de la Sociedad Hoteles del Per\u00fa"},"content":{"rendered":"\n<p><strong>Jos\u00e9 Koechlin von Stein, empresario hotelero y pionero del ecoturismo en el Per\u00fa,<\/strong> fue elegido para el per\u00edodo 2022-2024 como presidente de la Sociedad Hoteles del Per\u00fa, instituci\u00f3n que este a\u00f1o celebrar\u00e1 su vig\u00e9simo aniversario.<\/p>\n\n\n\n<p><strong>Fundada el 11 de septiembre del 2002, la Sociedad Hoteles del Per\u00fa agrupa a reconocidas marcas hoteleras del pa\u00eds<\/strong> \u2013siendo alguno de sus miembros ganadores de premios mundiales por su calidad y gesti\u00f3n de servicio\u2013, a fin de promover el desarrollo empresarial hotelero como base para la contribuci\u00f3n del desarrollo social y econ\u00f3mico del Per\u00fa, as\u00ed como la calidad de sus servicios.<\/p>\n\n\n\n<p>La asociaci\u00f3n se encuentra conformada por m\u00e1s de 31 reconocidas cadenas hoteleras y suman m\u00e1s de 65 hoteles, as\u00ed como unas 7,500 habitaciones en el \u00e1mbito nacional. \u201cEn un contexto lleno de retos para la industria hotelera a nivel global, la <strong>Sociedad Hoteles del Per\u00fa tiene por principal objetivo la supervivencia de la actividad tur\u00edstica en nuestro pa\u00eds que ha bajado al 26% con respecto al a\u00f1o 2019\u201d<\/strong>, destac\u00f3 Jos\u00e9 Koechlin.<\/p>\n\n\n\n<p>\u201cEs una medida urgente contar con la extensi\u00f3n de Reactiva, hasta que la cadena de producci\u00f3n logre recuperarse dentro de uno o dos a\u00f1os\u201d. Adem\u00e1s de las medidas coyunturales, Jos\u00e9 Koechlin destac\u00f3 la necesidad de otras de largo plazo, como contar con una legislaci\u00f3n similar a la de la industria agraria, cuyo \u00e9xito ha permitido a este rubro competir en el mercado mundial.<\/p>\n\n\n\n<p>J<strong>os\u00e9 Koechlin es fundador de Inkaterra,<\/strong> empresa pionera del ecoturismo y desarrollo sostenible en el Per\u00fa desde 1975, reconocida por Naciones Unidas como la primera cadena de hoteles \u2018Climate Positive\u2019 del mundo. Cabe indicar que Inkaterra fue premiada con 2020 el<strong> Global Vision Award de la prestigiosa revista Travel+Leisure, adem\u00e1s de ser considerada la tercera mejor marca del mundo en los 2019 Travel+Leisure World\u2019s Best Awards.<\/strong><\/p>\n\n\n\n<p>Para promover experiencias de viaje en el Per\u00fa, <strong>Jos\u00e9 Koechlin coprodujo las pel\u00edculas de Werner Herzog, Aguirre, la Ira de Dios (1972) y Fitzcarraldo (Mejor Director, Festival de Cannes 1982), como tambi\u00e9n el documental de Les Blank, El Pesar de los Sue\u00f1os (1982).<\/strong><\/p>\n\n\n\n<p><strong>Ganador del premio PURE 2015 por su Contribuci\u00f3n al Turismo Vivencial, y considerado por AACSB en su lista de \u2018100 l\u00edderes globales influyentes\u2019, Jos\u00e9 Koechlin tambi\u00e9n es en la actualidad, vicepresidente de la C\u00e1mara Nacional de Turismo (CANATUR) <\/strong>y miembro em\u00e9rito del directorio de Conservation International (Washington, D.C.).<\/p>\n\n\n\n<p>Acompa\u00f1an a Jos\u00e9 Koechlin en este nuevo per\u00edodo la siguiente directiva:<\/p>\n\n\n\n<p>Vicepresidente: Ricardo Bracale Silva (El Pardo Doubletree by Hilton)<\/p>\n\n\n\n<p>Secretario \u2013 Tesorero: Carlos Reyes Valest (Sonesta Hotels)<\/p>\n\n\n\n<p>Director Ejecutivo: Lati Naimi (Melia Lima)<\/p>\n\n\n\n<p>Vocal: Laurent Carrasset (Belmond)<\/p>\n\n\n\n<p>Vocal: Fernando Velasco (Radisson Hotels)<\/p>\n\n\n\n<p>Vocal: Maximiliano Pasos (Libertador Hotels, Resort &amp; Spas<\/p>\n\n\n\n<p>Vocal: Vanessa Villagr\u00e1n (LP Portales Hoteles)<\/p>\n\n\n\n<p>Vocal: Lara Wagner (Iberostar Selection Miraflores)<\/p>\n\n\n\n<p>Vocal: Ignacio Mendoza (Hyatt Centric San Isidro)<\/p>\n","protected":false},"excerpt":{"rendered":"<p>Jos\u00e9 Koechlin von Stein, empresario hotelero y pionero del ecoturismo en el Per\u00fa, fue elegido para el per\u00edodo 2022-2024 como<\/p>\n","protected":false},"author":1,"featured_media":11796,"comment_status":"open","ping_status":"open","sticky":false,"template":"","format":"standard","meta":{"colormag_page_container_layout":"default_layout","colormag_page_sidebar_layout":"default_layout","footnotes":""},"categories":[11],"tags":[1859,2944,465,2943,179],"class_list":["post-11795","post","type-post","status-publish","format-standard","has-post-thumbnail","hentry","category-turismo","tag-cadena-hotelera-inkaterra","tag-jose-koechlin","tag-prensa-de-turismo","tag-sociedad-de-hoteles-del-peru","tag-turismo-peru"],"_links":{"self":[{"href":"https:\/\/lacuevadedominguez.net.pe\/index.php\/wp-json\/wp\/v2\/posts\/11795","targetHints":{"allow":["GET"]}}],"collection":[{"href":"https:\/\/lacuevadedominguez.net.pe\/index.php\/wp-json\/wp\/v2\/posts"}],"about":[{"href":"https:\/\/lacuevadedominguez.net.pe\/index.php\/wp-json\/wp\/v2\/types\/post"}],"author":[{"embeddable":true,"href":"https:\/\/lacuevadedominguez.net.pe\/index.php\/wp-json\/wp\/v2\/users\/1"}],"replies":[{"embeddable":true,"href":"https:\/\/lacuevadedominguez.net.pe\/index.php\/wp-json\/wp\/v2\/comments?post=11795"}],"version-history":[{"count":1,"href":"https:\/\/lacuevadedominguez.net.pe\/index.php\/wp-json\/wp\/v2\/posts\/11795\/revisions"}],"predecessor-version":[{"id":11797,"href":"https:\/\/lacuevadedominguez.net.pe\/index.php\/wp-json\/wp\/v2\/posts\/11795\/revisions\/11797"}],"wp:featuredmedia":[{"embeddable":true,"href":"https:\/\/lacuevadedominguez.net.pe\/index.php\/wp-json\/wp\/v2\/media\/11796"}],"wp:attachment":[{"href":"https:\/\/lacuevadedominguez.net.pe\/index.php\/wp-json\/wp\/v2\/media?parent=11795"}],"wp:term":[{"taxonomy":"category","embeddable":true,"href":"https:\/\/lacuevadedominguez.net.pe\/index.php\/wp-json\/wp\/v2\/categories?post=11795"},{"taxonomy":"post_tag","embeddable":true,"href":"https:\/\/lacuevadedominguez.net.pe\/index.php\/wp-json\/wp\/v2\/tags?post=11795"}],"curies":[{"name":"wp","href":"https:\/\/api.w.org\/{rel}","templated":true}]}}