{"id":12111,"date":"2022-09-22T11:20:13","date_gmt":"2022-09-22T16:20:13","guid":{"rendered":"https:\/\/lacuevadedominguez.net.pe\/?p=12111"},"modified":"2022-09-22T11:20:16","modified_gmt":"2022-09-22T16:20:16","slug":"aerolinea-boliviana-de-aviacion-anuncia-su-participacion-en-la-ii-feria-nacional-e-internacional-de-turismo-apavit-2022","status":"publish","type":"post","link":"https:\/\/lacuevadedominguez.net.pe\/index.php\/2022\/09\/22\/aerolinea-boliviana-de-aviacion-anuncia-su-participacion-en-la-ii-feria-nacional-e-internacional-de-turismo-apavit-2022\/","title":{"rendered":"Aerol\u00ednea Boliviana de Aviaci\u00f3n anuncia su participaci\u00f3n en la II Feria Nacional e Internacional De Turismo APAVIT 2022"},"content":{"rendered":"\n<p>Boliviana de Aviaci\u00f3n (BoA) participar\u00e1 de la II Feria Nacional e Internacional de Turismo APAVIT 2022 donde comunicar\u00e1 sus servicios de valor en el mercado internacional, esta actividad se realizar\u00e1 los d\u00edas jueves 22 y viernes 23 de septiembre de 10:00 am a 5:00 pm en el Santuario Patri\u00f3tico de Lima, Reducto N\u00b02 ubicado en la Calle Ram\u00f3n Ribeyro 490, Miraflores, Lima.<\/p>\n\n\n\n<p>\u201cLima es una ciudad clave para nosotros ya que permite la integraci\u00f3n entre Per\u00fa y Bolivia, nos alegra participar por segunda vez consecutiva en la II Feria APAVIT 2022, queremos seguir aportando nuestra experiencia y oferta de valor en este pa\u00eds ancestral de gran riqueza multicultural en Sudam\u00e9rica, indic\u00f3 Ronald Casso, CEO de BoA.<\/p>\n\n\n\n<p>\u00abTenemos una nueva oportunidad para brindar lo mejor de BoA, sabemos que esta segunda edici\u00f3n de la feria abrir\u00e1 nuevas posibilidades de viajes para las personas, entramos a la temporada de primavera peruana y queremos aportar lo mejor de nuestras rutas aeron\u00e1uticas al p\u00fablico, durante estos meses nuestros vuelos Lima \u2013 Santa Cruz \u2013 Lima se han incrementado y esto es posible gracias a los arraigados v\u00ednculos culturales entre Per\u00fa y Bolivia que son naciones hermanas con mucha historia, estamos muy agradecidos y contentos con este hermoso pa\u00eds\u201d, indic\u00f3 el directivo de BoA.<\/p>\n\n\n\n<p>La Asociaci\u00f3n Peruana de Agencias de Viajes y Turismo (APAVIT) con el auspicio de la Municipalidad de Miraflores y la participaci\u00f3n de la Comisi\u00f3n de Promoci\u00f3n del Per\u00fa para la Exportaci\u00f3n y el Turismo (PROMPER\u00da) e \u00bfY t\u00fa qu\u00e9 planes? esta vez esperan convocar a m\u00e1s de mil personas en uno de los lugares s\u00edmbolos de la capital peruana.<\/p>\n\n\n\n<p>El evento se realizar\u00e1 en un lugar seguro, c\u00e9ntrico, ventilado y con \u00e1reas verdes, se cumplir\u00e1 con los protocolos de seguridad y se tendr\u00e1 la participaci\u00f3n de 120 expositores del sector tur\u00edstico, quienes ofrecer\u00e1n lo mejor de sus servicios nacionales e internacionales para promover los viajes.<\/p>\n\n\n\n<p>La actividad contar\u00e1 con las mejores ofertas tur\u00edsticas de destinos nacionales e internacionales, participar\u00e1n operadores de turismo, aerol\u00edneas, agencias de viajes, cruceros, hoteles, trenes, transportes terrestres, restaurantes, c\u00e1maras de regiones de turismo, gobiernos regionales, compa\u00f1\u00edas de tecnolog\u00eda, salas de juego y casinos, entre otros.<\/p>\n\n\n\n<p>La Feria permitir\u00e1 brindar las mejores promociones, productos, servicios y ofertas de marcas prestigiosas en el mercado a los asistentes en aras de continuar con la reactivaci\u00f3n del turismo nacional e internacional. Boliviana de Aviaci\u00f3n BoA estar\u00e1 ubicada en el Stand 37 de la feria y presentar\u00e1 a los asistentes su mejor propuesta de valor, entre las que se encuentran traslados para el Uyuni Challenge 2022 a realizarse el pr\u00f3ximo 12 de noviembre. Esta competencia de ciclismo de 140 kil\u00f3metros totalmente planos en el Altiplano de Bolivia, permitir\u00e1 que los asistentes y participantes se deleiten del extraordinario paisaje de esta maravilla del mundo, donde la tierra parece confundirse con el cielo.<\/p>\n\n\n\n<p>Finalmente, uno de los elementos clave para acelerar la reactivaci\u00f3n es fomentar espacios de participaci\u00f3n a trav\u00e9s de la II Feria Nacional e Internacional APAVIT 2022 donde se cuenten con atractivos destinos tur\u00edsticos, la presencia de destacados expertos del sector y activaciones como seminarios y reuniones de negocio en beneficio de los asistentes.<\/p>\n\n\n\n<p><strong>Dato:<\/strong><\/p>\n\n\n\n<p>Boliviana de Aviaci\u00f3n es la aerol\u00ednea nacional boliviana que ofrece la mayor cantidad de destinos y vuelos que conectan a Miami, Madrid, Buenos Aires, S\u00e3o Paulo y ahora Lima, adem\u00e1s de ofrecer acuerdos interlineales con otras aerol\u00edneas internacionales que operan en las principales y m\u00e1s importantes ciudades del mundo.<\/p>\n","protected":false},"excerpt":{"rendered":"<p>Boliviana de Aviaci\u00f3n (BoA) participar\u00e1 de la II Feria Nacional e Internacional de Turismo APAVIT 2022 donde comunicar\u00e1 sus servicios<\/p>\n","protected":false},"author":1,"featured_media":12112,"comment_status":"open","ping_status":"open","sticky":false,"template":"","format":"standard","meta":{"colormag_page_container_layout":"default_layout","colormag_page_sidebar_layout":"default_layout","footnotes":""},"categories":[11],"tags":[3083,3082],"class_list":["post-12111","post","type-post","status-publish","format-standard","has-post-thumbnail","hentry","category-turismo","tag-apavit-2022","tag-boa"],"_links":{"self":[{"href":"https:\/\/lacuevadedominguez.net.pe\/index.php\/wp-json\/wp\/v2\/posts\/12111","targetHints":{"allow":["GET"]}}],"collection":[{"href":"https:\/\/lacuevadedominguez.net.pe\/index.php\/wp-json\/wp\/v2\/posts"}],"about":[{"href":"https:\/\/lacuevadedominguez.net.pe\/index.php\/wp-json\/wp\/v2\/types\/post"}],"author":[{"embeddable":true,"href":"https:\/\/lacuevadedominguez.net.pe\/index.php\/wp-json\/wp\/v2\/users\/1"}],"replies":[{"embeddable":true,"href":"https:\/\/lacuevadedominguez.net.pe\/index.php\/wp-json\/wp\/v2\/comments?post=12111"}],"version-history":[{"count":1,"href":"https:\/\/lacuevadedominguez.net.pe\/index.php\/wp-json\/wp\/v2\/posts\/12111\/revisions"}],"predecessor-version":[{"id":12113,"href":"https:\/\/lacuevadedominguez.net.pe\/index.php\/wp-json\/wp\/v2\/posts\/12111\/revisions\/12113"}],"wp:featuredmedia":[{"embeddable":true,"href":"https:\/\/lacuevadedominguez.net.pe\/index.php\/wp-json\/wp\/v2\/media\/12112"}],"wp:attachment":[{"href":"https:\/\/lacuevadedominguez.net.pe\/index.php\/wp-json\/wp\/v2\/media?parent=12111"}],"wp:term":[{"taxonomy":"category","embeddable":true,"href":"https:\/\/lacuevadedominguez.net.pe\/index.php\/wp-json\/wp\/v2\/categories?post=12111"},{"taxonomy":"post_tag","embeddable":true,"href":"https:\/\/lacuevadedominguez.net.pe\/index.php\/wp-json\/wp\/v2\/tags?post=12111"}],"curies":[{"name":"wp","href":"https:\/\/api.w.org\/{rel}","templated":true}]}}