{"id":12212,"date":"2022-11-08T10:59:00","date_gmt":"2022-11-08T15:59:00","guid":{"rendered":"https:\/\/lacuevadedominguez.net.pe\/?p=12212"},"modified":"2022-11-08T10:14:55","modified_gmt":"2022-11-08T15:14:55","slug":"se-reanudaron-vuelos-directos-entre-lima-y-canada","status":"publish","type":"post","link":"https:\/\/lacuevadedominguez.net.pe\/index.php\/2022\/11\/08\/se-reanudaron-vuelos-directos-entre-lima-y-canada\/","title":{"rendered":"Se reanudaron vuelos directos entre Lima y Canad\u00e1"},"content":{"rendered":"\n<p>A las 02:30 horas de Lima del 01 de noviembre parti\u00f3, desde el Aeropuerto Internacional Jorge Chavez, el vuelo AC 087 de Air Canada con destino a la ciudad de Montreal, marcando as\u00ed el reinicio de las operaciones regulares de pasajeros de la aerol\u00ednea, tras m\u00e1s de dos a\u00f1os de suspensi\u00f3n obligada por la pandemia.<\/p>\n\n\n\n<p>Para el tradicional corte de cinta del vuelo inaugural se hizo presente el embajador de Canad\u00e1 en Per\u00fa, Louis Marcotte; el gerente regional de Air Canada de Pa\u00edses Andinos, Alfredo Babun; y la gerente de Ventas de la l\u00ednea a\u00e9rea en Lima, Patricia L\u00facar. Funcionarios de la embajada de Canad\u00e1 en Lima, como tambi\u00e9n miembros de la tripulaci\u00f3n, fueron testigos del importante acto.<\/p>\n\n\n\n<p>Los vuelos a Montreal tendr\u00e1n una frecuencia semanal hasta el 05 de diciembre, increment\u00e1ndose, luego, a dos veces por semana. Respecto a los vuelos a Toronto, que inician el 02 de noviembre, la frecuencia de dos veces a la semana se mantendr\u00e1 hasta el mes de diciembre.<\/p>\n\n\n\n<p>Cabe precisar que la aerol\u00ednea de bandera de Canad\u00e1 cubrir\u00e1 ambas rutas directas con modernas aeronaves Boeing 787-9 Dreamliner, cuya capacidad es de 298 pasajeros: 30 en clase Business con asientos totalmente reclinables, 21 en Premium Economy y 247 en clase Turista.<\/p>\n","protected":false},"excerpt":{"rendered":"<p>A las 02:30 horas de Lima del 01 de noviembre parti\u00f3, desde el Aeropuerto Internacional Jorge Chavez, el vuelo AC<\/p>\n","protected":false},"author":1,"featured_media":12213,"comment_status":"open","ping_status":"open","sticky":false,"template":"","format":"standard","meta":{"colormag_page_container_layout":"default_layout","colormag_page_sidebar_layout":"default_layout","footnotes":""},"categories":[11],"tags":[379],"class_list":["post-12212","post","type-post","status-publish","format-standard","has-post-thumbnail","hentry","category-turismo","tag-air-canada"],"_links":{"self":[{"href":"https:\/\/lacuevadedominguez.net.pe\/index.php\/wp-json\/wp\/v2\/posts\/12212","targetHints":{"allow":["GET"]}}],"collection":[{"href":"https:\/\/lacuevadedominguez.net.pe\/index.php\/wp-json\/wp\/v2\/posts"}],"about":[{"href":"https:\/\/lacuevadedominguez.net.pe\/index.php\/wp-json\/wp\/v2\/types\/post"}],"author":[{"embeddable":true,"href":"https:\/\/lacuevadedominguez.net.pe\/index.php\/wp-json\/wp\/v2\/users\/1"}],"replies":[{"embeddable":true,"href":"https:\/\/lacuevadedominguez.net.pe\/index.php\/wp-json\/wp\/v2\/comments?post=12212"}],"version-history":[{"count":1,"href":"https:\/\/lacuevadedominguez.net.pe\/index.php\/wp-json\/wp\/v2\/posts\/12212\/revisions"}],"predecessor-version":[{"id":12214,"href":"https:\/\/lacuevadedominguez.net.pe\/index.php\/wp-json\/wp\/v2\/posts\/12212\/revisions\/12214"}],"wp:featuredmedia":[{"embeddable":true,"href":"https:\/\/lacuevadedominguez.net.pe\/index.php\/wp-json\/wp\/v2\/media\/12213"}],"wp:attachment":[{"href":"https:\/\/lacuevadedominguez.net.pe\/index.php\/wp-json\/wp\/v2\/media?parent=12212"}],"wp:term":[{"taxonomy":"category","embeddable":true,"href":"https:\/\/lacuevadedominguez.net.pe\/index.php\/wp-json\/wp\/v2\/categories?post=12212"},{"taxonomy":"post_tag","embeddable":true,"href":"https:\/\/lacuevadedominguez.net.pe\/index.php\/wp-json\/wp\/v2\/tags?post=12212"}],"curies":[{"name":"wp","href":"https:\/\/api.w.org\/{rel}","templated":true}]}}