{"id":12423,"date":"2023-05-09T11:14:00","date_gmt":"2023-05-09T16:14:00","guid":{"rendered":"https:\/\/lacuevadedominguez.net.pe\/?p=12423"},"modified":"2023-05-09T10:05:29","modified_gmt":"2023-05-09T15:05:29","slug":"se-inauguro-la-12a-edicion-de-fenavin-uno-de-los-eventos-mas-importantes-del-vino-espanol","status":"publish","type":"post","link":"https:\/\/lacuevadedominguez.net.pe\/index.php\/2023\/05\/09\/se-inauguro-la-12a-edicion-de-fenavin-uno-de-los-eventos-mas-importantes-del-vino-espanol\/","title":{"rendered":"Se inaugur\u00f3 la 12\u00aa edici\u00f3n de Fenavin, uno de los eventos m\u00e1s importantes del vino espa\u00f1ol\u00a0"},"content":{"rendered":"\n<p>La&nbsp;<strong>Feria<\/strong>&nbsp;<strong>Nacional<\/strong>&nbsp;<strong>del<\/strong>&nbsp;<strong>Vino<\/strong>&nbsp;de este 2023 est\u00e1 programada para entre el 9 y el 11 de mayo en&nbsp;<strong>Pabell\u00f3n<\/strong>&nbsp;<strong>Ferial<\/strong>&nbsp;<strong>de<\/strong>&nbsp;<strong>Ciudad<\/strong>&nbsp;<strong>Real<\/strong>. Esta 12\u00aa edici\u00f3n se presenta como la mejor opci\u00f3n para hacer negocios dentro del mundo del vino en Espa\u00f1a, pues est\u00e1 enfocada en poner en contacto oferta y demanda en el mercado nacional e internacional.<\/p>\n\n\n\n<p>Con 1921 bodegas espa\u00f1olas cooperativas participantes,&nbsp;<strong>Fenavin<\/strong>&nbsp;es uno de los eventos m\u00e1s importantes en el&nbsp;<strong>mundo<\/strong>&nbsp;<strong>del<\/strong>&nbsp;<strong>vino<\/strong>&nbsp;<strong>espa\u00f1ol<\/strong>. Se distribuye en 8 pabellones con m\u00e1s de 28.000 metros cuadrados a los que acuden cerca de los 20.000 compradores nacionales e internacionales de 102 pa\u00edses.&nbsp;<\/p>\n\n\n\n<p>Esta feria ofrece distintas herramientas para favorecer el intercambio comercial, como un buscador que permite encontrar f\u00e1cilmente los distintos negocios, al servicio de los intereses de los compradores. Tambi\u00e9n cuenta con el programa \u201cContacte con\u2026\u201d en el que se propicia el encuentro entre oferta y demanda, pudiendo concertar citas antes del comienzo de\u00a0<strong>Fenavin<\/strong>, para as\u00ed optimizar el tiempo lo m\u00e1ximo posible.<\/p>\n\n\n\n<p>El evento principal es la&nbsp;<strong>Galer\u00eda<\/strong>&nbsp;<strong>del<\/strong>&nbsp;<strong>Vino<\/strong>, evento en el cual se ofrece a los potenciales compradores la posibilidad de catar los distintos vinos. Este producto es el principal protagonista, por lo tanto, se ofrecer\u00e1 a los asistentes un lugar con las condiciones \u00f3ptimas de temperatura para poder disfrutarlo de la mejor manera posible.<\/p>\n\n\n\n<p>Adem\u00e1s, tambi\u00e9n se oferta un&nbsp;<strong>Centro<\/strong>&nbsp;<strong>de<\/strong>&nbsp;<strong>Negocios<\/strong>&nbsp;consistente en un espacio en el que se podr\u00e1n cerrar acuerdos con la privacidad necesaria. Tambi\u00e9n contar\u00e1 con un servicio \u201cFace to face\u201d, una iniciativa que propicia encuentros presenciales de 30 minutos entre bodegas y compradores.<\/p>\n\n\n\n<p>El a\u00f1o pasado, de entre los asistentes internacionales, el 7,9% eran provenientes de Alemania, siendo el grupo m\u00e1s numeroso. El 5,6% fueron estadounidenses, el 5,3% polacos, el 5,2% proven\u00edan de China y el 5,1 de B\u00e9lgica, de un total de 108 pa\u00edses diferentes. En esta ocasi\u00f3n se establecieron m\u00e1s de medio mill\u00f3n de contactos comerciales, por lo que este a\u00f1o, con una previsi\u00f3n de asistencia a\u00fan mayor, se espera superar esta cifra.<\/p>\n\n\n\n<p><\/p>\n\n\n\n<p><em>Cr\u00e9ditos: Pedro Ramirez, de Excelencias Gourmet<\/em><\/p>\n","protected":false},"excerpt":{"rendered":"<p>La&nbsp;Feria&nbsp;Nacional&nbsp;del&nbsp;Vino&nbsp;de este 2023 est\u00e1 programada para entre el 9 y el 11 de mayo en&nbsp;Pabell\u00f3n&nbsp;Ferial&nbsp;de&nbsp;Ciudad&nbsp;Real. Esta 12\u00aa edici\u00f3n se presenta<\/p>\n","protected":false},"author":1,"featured_media":12424,"comment_status":"open","ping_status":"open","sticky":false,"template":"","format":"standard","meta":{"colormag_page_container_layout":"default_layout","colormag_page_sidebar_layout":"default_layout","footnotes":""},"categories":[2],"tags":[3145,62,2865,3144,464,1692],"class_list":["post-12423","post","type-post","status-publish","format-standard","has-post-thumbnail","hentry","category-eventos","tag-catas-y-maridajes","tag-enologia","tag-enologos","tag-fenavin","tag-prensa-gastronomica","tag-sommeliers"],"_links":{"self":[{"href":"https:\/\/lacuevadedominguez.net.pe\/index.php\/wp-json\/wp\/v2\/posts\/12423","targetHints":{"allow":["GET"]}}],"collection":[{"href":"https:\/\/lacuevadedominguez.net.pe\/index.php\/wp-json\/wp\/v2\/posts"}],"about":[{"href":"https:\/\/lacuevadedominguez.net.pe\/index.php\/wp-json\/wp\/v2\/types\/post"}],"author":[{"embeddable":true,"href":"https:\/\/lacuevadedominguez.net.pe\/index.php\/wp-json\/wp\/v2\/users\/1"}],"replies":[{"embeddable":true,"href":"https:\/\/lacuevadedominguez.net.pe\/index.php\/wp-json\/wp\/v2\/comments?post=12423"}],"version-history":[{"count":1,"href":"https:\/\/lacuevadedominguez.net.pe\/index.php\/wp-json\/wp\/v2\/posts\/12423\/revisions"}],"predecessor-version":[{"id":12425,"href":"https:\/\/lacuevadedominguez.net.pe\/index.php\/wp-json\/wp\/v2\/posts\/12423\/revisions\/12425"}],"wp:featuredmedia":[{"embeddable":true,"href":"https:\/\/lacuevadedominguez.net.pe\/index.php\/wp-json\/wp\/v2\/media\/12424"}],"wp:attachment":[{"href":"https:\/\/lacuevadedominguez.net.pe\/index.php\/wp-json\/wp\/v2\/media?parent=12423"}],"wp:term":[{"taxonomy":"category","embeddable":true,"href":"https:\/\/lacuevadedominguez.net.pe\/index.php\/wp-json\/wp\/v2\/categories?post=12423"},{"taxonomy":"post_tag","embeddable":true,"href":"https:\/\/lacuevadedominguez.net.pe\/index.php\/wp-json\/wp\/v2\/tags?post=12423"}],"curies":[{"name":"wp","href":"https:\/\/api.w.org\/{rel}","templated":true}]}}