{"id":12590,"date":"2023-10-13T13:51:35","date_gmt":"2023-10-13T18:51:35","guid":{"rendered":"https:\/\/lacuevadedominguez.net.pe\/?p=12590"},"modified":"2023-10-13T13:51:38","modified_gmt":"2023-10-13T18:51:38","slug":"presidente-de-la-asociacion-peruana-de-avicultura-produccion-de-huevos-esta-asegurada-hasta-fin-de-ano","status":"publish","type":"post","link":"https:\/\/lacuevadedominguez.net.pe\/index.php\/2023\/10\/13\/presidente-de-la-asociacion-peruana-de-avicultura-produccion-de-huevos-esta-asegurada-hasta-fin-de-ano\/","title":{"rendered":"Presidente de la Asociaci\u00f3n Peruana de Avicultura: \u00abproducci\u00f3n de huevos est\u00e1 asegurada hasta fin de a\u00f1o"},"content":{"rendered":"\n<p>Unos 50 residentes del Hogar Don Bosco de Bre\u00f1a, recibieron ayer, un desayuno muy especial a prop\u00f3sito de la celebraci\u00f3n del \u201cD\u00eda Mundial del Huevo\u201d. Antes de irse a sus centros de estudios degustaron huevos duros, huevos fritos, huevos revueltos que fueron acompa\u00f1ados por un nutritive qu\u00e1ker y jugos.<\/p>\n\n\n\n<p>Este desayuno, fue organizado por la Asociaci\u00f3n Peruana de Avicultura (APA). En el evento estuvo presente precisamente el past presidente Jos\u00e9 Vera y el viceministro de Desarrollo Agrario y Riego Christian Barrantes. Ambos dieron un mensaje a todos los adolescentes, de la importancia de consumir siempre huevos por su alto valor nutritivo y que definitivamente ayuda en su proceso de crecimiento.<\/p>\n\n\n\n<p>Luego, Jos\u00e9 Vera explic\u00f3 que la alza que se produjo hace unos meses atr\u00e1s en el precio del kilo de huevos, fue debido a los diversos fen\u00f3nemos que estamos viviendo, lo que origin\u00f3 una menor producci\u00f3n. \u201cPero como todo tiene su proceso poco a poco la producci\u00f3n ya se ha ido estabilizando y siendo el huevo un producto tan accessible, las familias siempre los consumen. El huevo es un product que se rige por la ley de la oferta y la demanda por lo que es un poco dificil afirmar si volver\u00e1 a subir de precio. Lo que si afirm\u00f3, es que la producci\u00f3n a nivel nacional de huevos est\u00e1 asegurada para todo lo que resta del a\u00f1o\u201d.<\/p>\n\n\n\n<p>Por su parte, el vice ministro Christian Barrantes, resalt\u00f3 al huevo como un productor de altisima calidad, lleno de prote\u00ednas y vitaminas y aprovechamos este D\u00eda del Huevo, para comunicar a la poblaci\u00f3n que siempre lo deben consumir.<\/p>\n\n\n\n<p>\u201cEn el caso de la producci\u00f3n de huevos, su proceso es m\u00e1s largo que el del pollo, y por eso ahora, ya se est\u00e1 presentando un descenso del precio.. La Asociaci\u00f2n Peruana de Avicultura nos est\u00e1 asegurando que la industria avicola est\u00e1 nuevamente en un nivel adecuado y por lo tanto el acceso a este producto est\u00e1 asegurado en los mercados\u201d.<\/p>\n\n\n\n<p>Agreg\u00f3 que si bien ya existe una tendencia a la baja el mensaje para las amas de casa es incluir el huevo en el consumo en su alimentaci\u00f2n. \u201cSabemos que por a\u00f1o cada persona consume 242 huevo y la idea es seguir creciendo para llegar a los 300 huevos por persona al a\u00f1o\u201d, precis\u00f3.<\/p>\n","protected":false},"excerpt":{"rendered":"<p>Unos 50 residentes del Hogar Don Bosco de Bre\u00f1a, recibieron ayer, un desayuno muy especial a prop\u00f3sito de la celebraci\u00f3n<\/p>\n","protected":false},"author":1,"featured_media":12591,"comment_status":"open","ping_status":"open","sticky":false,"template":"","format":"standard","meta":{"colormag_page_container_layout":"default_layout","colormag_page_sidebar_layout":"default_layout","footnotes":""},"categories":[2],"tags":[3188,2041,2752],"class_list":["post-12590","post","type-post","status-publish","format-standard","has-post-thumbnail","hentry","category-eventos","tag-apa","tag-dia-mundial-del-huevo","tag-huevos"],"_links":{"self":[{"href":"https:\/\/lacuevadedominguez.net.pe\/index.php\/wp-json\/wp\/v2\/posts\/12590","targetHints":{"allow":["GET"]}}],"collection":[{"href":"https:\/\/lacuevadedominguez.net.pe\/index.php\/wp-json\/wp\/v2\/posts"}],"about":[{"href":"https:\/\/lacuevadedominguez.net.pe\/index.php\/wp-json\/wp\/v2\/types\/post"}],"author":[{"embeddable":true,"href":"https:\/\/lacuevadedominguez.net.pe\/index.php\/wp-json\/wp\/v2\/users\/1"}],"replies":[{"embeddable":true,"href":"https:\/\/lacuevadedominguez.net.pe\/index.php\/wp-json\/wp\/v2\/comments?post=12590"}],"version-history":[{"count":1,"href":"https:\/\/lacuevadedominguez.net.pe\/index.php\/wp-json\/wp\/v2\/posts\/12590\/revisions"}],"predecessor-version":[{"id":12592,"href":"https:\/\/lacuevadedominguez.net.pe\/index.php\/wp-json\/wp\/v2\/posts\/12590\/revisions\/12592"}],"wp:featuredmedia":[{"embeddable":true,"href":"https:\/\/lacuevadedominguez.net.pe\/index.php\/wp-json\/wp\/v2\/media\/12591"}],"wp:attachment":[{"href":"https:\/\/lacuevadedominguez.net.pe\/index.php\/wp-json\/wp\/v2\/media?parent=12590"}],"wp:term":[{"taxonomy":"category","embeddable":true,"href":"https:\/\/lacuevadedominguez.net.pe\/index.php\/wp-json\/wp\/v2\/categories?post=12590"},{"taxonomy":"post_tag","embeddable":true,"href":"https:\/\/lacuevadedominguez.net.pe\/index.php\/wp-json\/wp\/v2\/tags?post=12590"}],"curies":[{"name":"wp","href":"https:\/\/api.w.org\/{rel}","templated":true}]}}