{"id":12878,"date":"2024-11-22T09:40:55","date_gmt":"2024-11-22T14:40:55","guid":{"rendered":"https:\/\/lacuevadedominguez.net.pe\/?p=12878"},"modified":"2024-11-22T09:40:59","modified_gmt":"2024-11-22T14:40:59","slug":"willy-bravo-postula-al-festival-de-vina-del-mar-2025-con-su-cancion-latinoamerica","status":"publish","type":"post","link":"https:\/\/lacuevadedominguez.net.pe\/index.php\/2024\/11\/22\/willy-bravo-postula-al-festival-de-vina-del-mar-2025-con-su-cancion-latinoamerica\/","title":{"rendered":"Willy Bravo postula al Festival de Vi\u00f1a del Mar 2025 con su canci\u00f3n Latinoam\u00e9rica"},"content":{"rendered":"\n<p>El reconocido cantante peruano y odont\u00f3logo Willy Bravo ha anunciado la postulaci\u00f3n de <strong>su tema Latinoam\u00e9rica<\/strong> al prestigioso <strong>Festival de Vi\u00f1a del Mar 2025, en la categor\u00eda \u201cCanci\u00f3n Folcl\u00f3rica\u201d.<\/strong><\/p>\n\n\n\n<p>Latinoam\u00e9rica es una obra que celebra las ra\u00edces, costumbres y tradiciones de los pueblos de la regi\u00f3n, proyectando un mensaje de uni\u00f3n y orgullo cultural. Con ritmos alegres y vibrantes, la canci\u00f3n resalta la riqueza de nuestras identidades compartidas y la hermandad que caracteriza a los pa\u00edses latinoamericanos.<\/p>\n\n\n\n<p>\u201cEste tema es una celebraci\u00f3n a la esencia de Latinoam\u00e9rica. Quiero que suene en cada rinc\u00f3n, que despierte alegr\u00eda y nos recuerde que estamos unidos por nuestra historia, nuestras tradiciones y nuestra m\u00fasica\u201d, expres\u00f3 Willy Bravo.<\/p>\n\n\n\n<p>La trayectoria musical de Bravo, marcada por su amor al folclore y su participaci\u00f3n en diversas agrupaciones, se refuerza con su actual integraci\u00f3n en \u201cLos M\u00e9dicos\u201d, un grupo de profesionales de la salud que difunden m\u00fasica latinoamericana.<\/p>\n\n\n\n<p>El Festival Internacional de la Canci\u00f3n de Vi\u00f1a del Mar, uno de los escenarios m\u00e1s emblem\u00e1ticos del continente, representa una gran oportunidad para este artista de poner en alto el talento peruano. Willy Bravo invita a todos los peruanos y amantes de la m\u00fasica a apoyar este proyecto que busca destacar la riqueza cultural de nuestra regi\u00f3n.<\/p>\n\n\n\n<p>El v\u00eddeo Latinoam\u00e9rica est\u00e1 disponible en YouTube:<\/p>\n\n\n\n<figure class=\"wp-block-embed\"><div class=\"wp-block-embed__wrapper\">\n<iframe loading=\"lazy\" title=\"Willy Bravo  - Latinoam\u00e9rica - v\u00eddeo oficial\" width=\"800\" height=\"450\" src=\"https:\/\/www.youtube.com\/embed\/30bK8X4UzD8?feature=oembed\" frameborder=\"0\" allow=\"accelerometer; autoplay; clipboard-write; encrypted-media; gyroscope; picture-in-picture; web-share\" referrerpolicy=\"strict-origin-when-cross-origin\" allowfullscreen><\/iframe>\n<\/div><\/figure>\n","protected":false},"excerpt":{"rendered":"<p>El reconocido cantante peruano y odont\u00f3logo Willy Bravo ha anunciado la postulaci\u00f3n de su tema Latinoam\u00e9rica al prestigioso Festival de<\/p>\n","protected":false},"author":1,"featured_media":12879,"comment_status":"open","ping_status":"open","sticky":false,"template":"","format":"standard","meta":{"colormag_page_container_layout":"default_layout","colormag_page_sidebar_layout":"default_layout","footnotes":""},"categories":[2],"tags":[3229,3228,3227],"class_list":["post-12878","post","type-post","status-publish","format-standard","has-post-thumbnail","hentry","category-eventos","tag-festival-de-vina-del-mar","tag-vina-del-mar","tag-willy-bravo"],"_links":{"self":[{"href":"https:\/\/lacuevadedominguez.net.pe\/index.php\/wp-json\/wp\/v2\/posts\/12878","targetHints":{"allow":["GET"]}}],"collection":[{"href":"https:\/\/lacuevadedominguez.net.pe\/index.php\/wp-json\/wp\/v2\/posts"}],"about":[{"href":"https:\/\/lacuevadedominguez.net.pe\/index.php\/wp-json\/wp\/v2\/types\/post"}],"author":[{"embeddable":true,"href":"https:\/\/lacuevadedominguez.net.pe\/index.php\/wp-json\/wp\/v2\/users\/1"}],"replies":[{"embeddable":true,"href":"https:\/\/lacuevadedominguez.net.pe\/index.php\/wp-json\/wp\/v2\/comments?post=12878"}],"version-history":[{"count":1,"href":"https:\/\/lacuevadedominguez.net.pe\/index.php\/wp-json\/wp\/v2\/posts\/12878\/revisions"}],"predecessor-version":[{"id":12880,"href":"https:\/\/lacuevadedominguez.net.pe\/index.php\/wp-json\/wp\/v2\/posts\/12878\/revisions\/12880"}],"wp:featuredmedia":[{"embeddable":true,"href":"https:\/\/lacuevadedominguez.net.pe\/index.php\/wp-json\/wp\/v2\/media\/12879"}],"wp:attachment":[{"href":"https:\/\/lacuevadedominguez.net.pe\/index.php\/wp-json\/wp\/v2\/media?parent=12878"}],"wp:term":[{"taxonomy":"category","embeddable":true,"href":"https:\/\/lacuevadedominguez.net.pe\/index.php\/wp-json\/wp\/v2\/categories?post=12878"},{"taxonomy":"post_tag","embeddable":true,"href":"https:\/\/lacuevadedominguez.net.pe\/index.php\/wp-json\/wp\/v2\/tags?post=12878"}],"curies":[{"name":"wp","href":"https:\/\/api.w.org\/{rel}","templated":true}]}}