{"id":12943,"date":"2025-04-11T10:55:26","date_gmt":"2025-04-11T15:55:26","guid":{"rendered":"https:\/\/lacuevadedominguez.net.pe\/?p=12943"},"modified":"2025-04-11T10:55:28","modified_gmt":"2025-04-11T15:55:28","slug":"peru-travel-mart-2025-nuevas-rutas-para-conectar-el-turismo-con-el-mundo","status":"publish","type":"post","link":"https:\/\/lacuevadedominguez.net.pe\/index.php\/2025\/04\/11\/peru-travel-mart-2025-nuevas-rutas-para-conectar-el-turismo-con-el-mundo\/","title":{"rendered":"Per\u00fa Travel Mart 2025: Nuevas rutas para conectar el turismo con el mundo"},"content":{"rendered":"\n<p>Por primera vez, el Per\u00fa Travel Mart descentralizar\u00e1 sus actividades hacia tres regiones clave, permitiendo fortalecer la cadena comercial, diversificando la oferta tur\u00edstica del pa\u00eds y consolidando as\u00ed el posicionamiento del Per\u00fa en el mercado internacional.<\/p>\n\n\n\n<p>En esta nueva edici\u00f3n, la n\u00famero 33, el evento de negocios m\u00e1s relevante del sector tur\u00edstico en el pa\u00eds organizado por la C\u00e1mara Nacional de Turismo (CANATUR), en alianza con la Comisi\u00f3n de Promoci\u00f3n del Per\u00fa para la Exportaci\u00f3n y el Turismo (PROMPER\u00da), se llevar\u00e1 a cabo del 26 al 28 de junio en Lima. Luego, tendr\u00e1 ediciones regionales en Cusco y Arequipa, que se realizar\u00e1n del 29 de junio al 2 de julio, y un exclusivo Fam Trip en Chachapoyas del 29 de junio al 1 de julio.<\/p>\n\n\n\n<p>\u201cEs la primera vez que descentralizamos el evento hacia tres regiones en simult\u00e1neo, y lo hacemos con el objetivo de acercar a los operadores y compradores extranjeros con los operadores tur\u00edsticos locales de manera directa\u00bb, coment\u00f3 Maritza Montero, Presidenta de la Organizaci\u00f3n del Per\u00fa Travel Mart 2025.<\/p>\n\n\n\n<p>El evento re\u00fane a los mejores actores del turismo en un \u00e1mbito estrictamente profesional para generar negocios a trav\u00e9s de citas pre \u2013 programadas fortaleciendo la promoci\u00f3n de destinos tur\u00edsticos de nuestro pa\u00eds en el contexto internacional, convocando a tour operadores y mayoristas de los distintos mercados emisores de turistas para el Per\u00fa, quienes vendr\u00e1n de pa\u00edses como Argentina, Brasil, Colombia, Chile, M\u00e9xico, USA, Canad\u00e1, Espa\u00f1a, Francia, Alemania, Reino Unido, Pa\u00edses Bajos, India, Corea del Sur, China, entre otros.<\/p>\n\n\n\n<p>Se espera concretar m\u00e1s de 6,000 citas comerciales, con una proyecci\u00f3n de negocios estimada en US$ 18 millones.<\/p>\n\n\n\n<p>\u00abEs un gran reto que asumimos entre el sector p\u00fablico y privado, buscando fortalecer la imagen del Per\u00fa como un destino seguro y confiable, generando las mejores condiciones para la comercializaci\u00f3n y operaci\u00f3n tur\u00edstica de manera sostenible\u00bb, sostuvo Ricardo Limo, presidente ejecutivo de PROMPER\u00da.<\/p>\n\n\n\n<p>Desde su creaci\u00f3n en 1987, Per\u00fa Travel Mart se ha consolidado como una plataforma clave para la promoci\u00f3n y comercializaci\u00f3n de la oferta tur\u00edstica del pa\u00eds. En los \u00faltimos tres a\u00f1os, ha contado con la participaci\u00f3n de 321 empresas peruanas del sector turismo, facilitando m\u00e1s de 13,000 citas comerciales con alrededor de 400 empresas internacionales, entre tour operadores, mayoristas y agencias especializadas.<\/p>\n","protected":false},"excerpt":{"rendered":"<p>Por primera vez, el Per\u00fa Travel Mart descentralizar\u00e1 sus actividades hacia tres regiones clave, permitiendo fortalecer la cadena comercial, diversificando<\/p>\n","protected":false},"author":1,"featured_media":12944,"comment_status":"open","ping_status":"open","sticky":false,"template":"","format":"standard","meta":{"colormag_page_container_layout":"default_layout","colormag_page_sidebar_layout":"default_layout","footnotes":""},"categories":[11],"tags":[57],"class_list":["post-12943","post","type-post","status-publish","format-standard","has-post-thumbnail","hentry","category-turismo","tag-peru-travel-mart"],"_links":{"self":[{"href":"https:\/\/lacuevadedominguez.net.pe\/index.php\/wp-json\/wp\/v2\/posts\/12943","targetHints":{"allow":["GET"]}}],"collection":[{"href":"https:\/\/lacuevadedominguez.net.pe\/index.php\/wp-json\/wp\/v2\/posts"}],"about":[{"href":"https:\/\/lacuevadedominguez.net.pe\/index.php\/wp-json\/wp\/v2\/types\/post"}],"author":[{"embeddable":true,"href":"https:\/\/lacuevadedominguez.net.pe\/index.php\/wp-json\/wp\/v2\/users\/1"}],"replies":[{"embeddable":true,"href":"https:\/\/lacuevadedominguez.net.pe\/index.php\/wp-json\/wp\/v2\/comments?post=12943"}],"version-history":[{"count":1,"href":"https:\/\/lacuevadedominguez.net.pe\/index.php\/wp-json\/wp\/v2\/posts\/12943\/revisions"}],"predecessor-version":[{"id":12945,"href":"https:\/\/lacuevadedominguez.net.pe\/index.php\/wp-json\/wp\/v2\/posts\/12943\/revisions\/12945"}],"wp:featuredmedia":[{"embeddable":true,"href":"https:\/\/lacuevadedominguez.net.pe\/index.php\/wp-json\/wp\/v2\/media\/12944"}],"wp:attachment":[{"href":"https:\/\/lacuevadedominguez.net.pe\/index.php\/wp-json\/wp\/v2\/media?parent=12943"}],"wp:term":[{"taxonomy":"category","embeddable":true,"href":"https:\/\/lacuevadedominguez.net.pe\/index.php\/wp-json\/wp\/v2\/categories?post=12943"},{"taxonomy":"post_tag","embeddable":true,"href":"https:\/\/lacuevadedominguez.net.pe\/index.php\/wp-json\/wp\/v2\/tags?post=12943"}],"curies":[{"name":"wp","href":"https:\/\/api.w.org\/{rel}","templated":true}]}}