{"id":2895,"date":"2016-10-14T07:19:18","date_gmt":"2016-10-14T12:19:18","guid":{"rendered":"http:\/\/lacuevadedominguez.com\/es\/?p=2895"},"modified":"2016-10-14T07:19:18","modified_gmt":"2016-10-14T12:19:18","slug":"feria-gastronomica-mostrara-mil-sabores-del-ecuador","status":"publish","type":"post","link":"https:\/\/lacuevadedominguez.net.pe\/index.php\/2016\/10\/14\/feria-gastronomica-mostrara-mil-sabores-del-ecuador\/","title":{"rendered":"Feria gastron\u00f3mica mostrar\u00e1 Mil Sabores del Ecuador"},"content":{"rendered":"<p>Con la presencia de m\u00e1s de una veintena de expositores, se present\u00f3 oficialmente la \u2018Expo Ecuador Mil Sabores\u2019, evento que busca promocionar el turismo, la cultura, y presentar la variada cocina con la que cuenta ese pa\u00eds.<\/p>\n<p><em>\u2018Expo Ecuador Mil Sabores\u2019, que se realizar\u00e1 en la explanada del Centro C\u00edvico durante dos d\u00edas, 15 y 16 de octubre, contar\u00e1 con la participaci\u00f3n de al menos 150 expositores que presentar\u00e1n los mejores platos t\u00edpicos de las distintas provincias del Ecuador.<\/em><\/p>\n<p>Ceviche de pescado, caldo de salchicha, moros con chuleta, pescado frito, camarones reventados,\u00a0 granizados, pizza,\u00a0 alfajores, entre otros, fueron expuestos y degustados durante el lanzamiento del evento, que lideran Tom\u00e1s L\u00f3pez y Mart\u00edn Karcher.<\/p>\n<p>\u2018Expo Ecuador Mil Sabores\u2019, que se realizar\u00e1 en la explanada del Centro C\u00edvico durante dos d\u00edas, 15 y 16 de octubre, estar\u00e1 abierto al p\u00fablico desde las 10:00 hasta las 17:00 y contar\u00e1 con la participaci\u00f3n de al menos 150 expositores que presentar\u00e1n los mejores platos t\u00edpicos de las distintas provincias del Ecuador. Tambi\u00e9n se presentar\u00e1n varios artistas.<\/p>\n<p>El Coordinador\u00a0 Zonal 5 del Ministerio de Turismo, Felipe \u00c1lava, dijo que se respalda toda labor que incentive al desarrollo gastron\u00f3mico del Ecuador, porque impulsa a las localidades donde se realizan estos eventos; adem\u00e1s, la iniciativa, se\u00f1al\u00f3, potencia el turismo, al ofertar exquisitos platos t\u00edpicos.<\/p>\n<p>El evento, seg\u00fan Tom\u00e1s L\u00f3pez, tambi\u00e9n busca posicionar e institucionalizar la marca \u2018Expo Ecuador Mil Sabores\u2019 como un referente gastron\u00f3mico. Por su parte, Mart\u00edn Karcher, \u00a0emocionado \u00a0hasta las l\u00e1grimas, dijo que tuvieron que transcurrir siete a\u00f1os para que la Expo se haga realidad. \u201cEste evento no se hubiera logrado sin la participaci\u00f3n de los expositores que son quienes demuestran ponerse la camiseta por Ecuador\u201d, se\u00f1al\u00f3.<\/p>\n<p>Durante los d\u00edas de la feria gastron\u00f3mica tambi\u00e9n habr\u00e1 eventos art\u00edsticos, culturales, ponencia para los profesionales, y un \u00e1rea l\u00fadica para ni\u00f1os.<\/p>\n<p>La \u2018Expo Ecuador Mil Sabores\u2019 cuenta con el apoyo de la Asociaci\u00f3n de Chefs del Ecuador,\u00a0 Asociaci\u00f3n de Escuelas Gastron\u00f3micas del Ecuador, Prefectura del Guayas, ministerios de Turismo, Cultura, de Inclusi\u00f3n Econ\u00f3mica y Social, Gobernaci\u00f3n del Guayas, entre otros.<\/p>\n","protected":false},"excerpt":{"rendered":"<p>Con la presencia de m\u00e1s de una veintena de expositores, se present\u00f3 oficialmente la \u2018Expo Ecuador Mil Sabores\u2019, evento que<\/p>\n","protected":false},"author":2,"featured_media":2896,"comment_status":"closed","ping_status":"open","sticky":false,"template":"","format":"standard","meta":{"colormag_page_container_layout":"default_layout","colormag_page_sidebar_layout":"default_layout","footnotes":""},"categories":[3],"tags":[],"class_list":["post-2895","post","type-post","status-publish","format-standard","has-post-thumbnail","hentry","category-lifestyle"],"_links":{"self":[{"href":"https:\/\/lacuevadedominguez.net.pe\/index.php\/wp-json\/wp\/v2\/posts\/2895","targetHints":{"allow":["GET"]}}],"collection":[{"href":"https:\/\/lacuevadedominguez.net.pe\/index.php\/wp-json\/wp\/v2\/posts"}],"about":[{"href":"https:\/\/lacuevadedominguez.net.pe\/index.php\/wp-json\/wp\/v2\/types\/post"}],"author":[{"embeddable":true,"href":"https:\/\/lacuevadedominguez.net.pe\/index.php\/wp-json\/wp\/v2\/users\/2"}],"replies":[{"embeddable":true,"href":"https:\/\/lacuevadedominguez.net.pe\/index.php\/wp-json\/wp\/v2\/comments?post=2895"}],"version-history":[{"count":0,"href":"https:\/\/lacuevadedominguez.net.pe\/index.php\/wp-json\/wp\/v2\/posts\/2895\/revisions"}],"wp:featuredmedia":[{"embeddable":true,"href":"https:\/\/lacuevadedominguez.net.pe\/index.php\/wp-json\/wp\/v2\/media\/2896"}],"wp:attachment":[{"href":"https:\/\/lacuevadedominguez.net.pe\/index.php\/wp-json\/wp\/v2\/media?parent=2895"}],"wp:term":[{"taxonomy":"category","embeddable":true,"href":"https:\/\/lacuevadedominguez.net.pe\/index.php\/wp-json\/wp\/v2\/categories?post=2895"},{"taxonomy":"post_tag","embeddable":true,"href":"https:\/\/lacuevadedominguez.net.pe\/index.php\/wp-json\/wp\/v2\/tags?post=2895"}],"curies":[{"name":"wp","href":"https:\/\/api.w.org\/{rel}","templated":true}]}}