{"id":3085,"date":"2016-11-25T09:23:52","date_gmt":"2016-11-25T14:23:52","guid":{"rendered":"http:\/\/lacuevadedominguez.com\/es\/?p=3085"},"modified":"2016-11-25T09:23:52","modified_gmt":"2016-11-25T14:23:52","slug":"en-brasil-la-navidad-tambien-es-sinonimo-de-cultura-diversion-y-color","status":"publish","type":"post","link":"https:\/\/lacuevadedominguez.net.pe\/index.php\/2016\/11\/25\/en-brasil-la-navidad-tambien-es-sinonimo-de-cultura-diversion-y-color\/","title":{"rendered":"En Brasil, la Navidad tambi\u00e9n es sin\u00f3nimo de cultura, diversi\u00f3n y color"},"content":{"rendered":"<p>En ese tiempo, las calles de pueblos y ciudades brasile\u00f1as est\u00e1n llenas y ocupadas. Durante esa \u00e9poca del a\u00f1o, hay un alto nivel de identificaci\u00f3n de la poblaci\u00f3n con la fecha. Por ello, si est\u00e1s buscando un lugar \u00fanico para pasar estas fiestas, aqu\u00ed te recomendamos tres ciudades emblema: Gramado, Canela y Curitiba. \u00a1No te las pierdas!<\/p>\n<p><strong>La Navidad Luz de Gramado &#8211; Rio Grande do Sul<\/strong><\/p>\n<p>Gramado es una ciudad que se asocia con un clima fr\u00edo, buena comida y paisajes monta\u00f1osos adornados por arquitectura europea. Sin embargo, la ciudad de Rio Grande do Sul, que adem\u00e1s desde hace d\u00e9cadas se encuentra entre los destinos <em>top<\/em> de invierno de los turistas brasile\u00f1os, tuvo que reinventarse para escapar de la temporada baja y as\u00ed atraer a los visitantes en el verano.<\/p>\n<p>La idea de decorar la ciudad con luces y motivos navide\u00f1os, y los conciertos y espect\u00e1culos de fuegos artificiales apareci\u00f3 en 1986, y fue la g\u00e9nesis de lo que ahora es considerado uno de los m\u00e1s grandes y preciosos festivales de su g\u00e9nero en el mundo: Navidad Luz (<em>Natal Luz<\/em>). Los pinos naturales est\u00e1n decorados como \u00e1rboles de Navidad mientras que las avenidas y plazas est\u00e1n adornadas con motivos y canciones. En los teatros, entre los espect\u00e1culos de luces, juguetes gigantes se convierten en los protagonistas de la obra para atraer a los ni\u00f1os.<\/p>\n<p>Este a\u00f1o 2016, la gran fiesta \u2014que incluye espect\u00e1culos de fuegos artificiales, desfiles, coros, musicales, conciertos, exposiciones, teatro, entre otros\u2014 se inici\u00f3 el 28 de octubre de 2016 y continuar\u00e1 hasta el 15 de enero de 2017. El evento de Navidad Luz es considerado el evento de Navidad m\u00e1s grande del mundo, que atrae a m\u00e1s de 2 millones de turistas cada a\u00f1o para encantar con sus espect\u00e1culos y atracciones.<\/p>\n<p>Aunque algunas de las atracciones son pagadas, el recorrer la ciudad de d\u00eda o de noche es como estar en un parque tem\u00e1tico, con plazas, tiendas, casas y fachadas con gigantes Santa Claus, renos, pesebres y linternas. Muchos de los objetos est\u00e1n hechos de materiales reciclados (tales como botellas de pl\u00e1stico), fabricados durante todo el a\u00f1o por los residentes de Gramado, quienes tambi\u00e9n trabajan en el teatro, espect\u00e1culos y musicales. En la ciudad se cre\u00f3 una Escuela de Artes para ense\u00f1ar a los ni\u00f1os, adolescentes y adultos a actuar, bailar, cantar y aprender las t\u00e9cnicas del arte.<\/p>\n<ul>\n<li>Soy Mar\u00eda<\/li>\n<\/ul>\n<p>En esta muestra de la 31\u00aa edici\u00f3n de Navidad Luz, se va a vivir un gran musical \u00e9pico, en el lago Joaquina Rita Bier, con m\u00e1s de 200 artistas. La historia comienza en el \u00abS\u00ed\u00bb de Mar\u00eda al \u00e1ngel Gabriel, al aceptar y comprometerse con la misi\u00f3n m\u00e1s grande de la humanidad abrirse para el momento m\u00e1s memorable de Navidad: dar a luz al hombre que cambi\u00f3 miles de millones de vidas.<\/p>\n<ul>\n<li>Gran desfile de Navidad<\/li>\n<\/ul>\n<p>El Gran desfile de Navidad de este a\u00f1o trae la diversi\u00f3n de una aventura familiar en la nieve. Una chica quiere conocer la historia de sus padres y revivir el amor, la alegr\u00eda y el esp\u00edritu de la Navidad que los uni\u00f3. Para ello, tendr\u00e1 la ayuda de un personaje muy especial, enviado directamente por Santa Claus: el Se\u00f1or del Tiempo.<\/p>\n<ul>\n<li>Atracciones gratuitas<\/li>\n<\/ul>\n<ul>\n<li>La muestra de iluminaci\u00f3n: Directamente frente al <em>Pal\u00e1cio dos Festivais<\/em>, la misi\u00f3n de una abuela es iluminar su \u00e1rbol de Navidad, y con ello, dar la luz a toda la ciudad.<\/li>\n<li>Desfile de Navidad: Un emocionante desfile de Navidad con los protagonistas de los espect\u00e1culos que animan al p\u00fablico.<\/li>\n<li>Exposici\u00f3n Renos Decorados: Uno de los s\u00edmbolos m\u00e1s conocidos de Navidad, los renos, gana una exposici\u00f3n en la calle Pedro Benetti, en el centro de Gramado. Los artistas locales hacen una obra bella y dan un encanto m\u00e1s a la atm\u00f3sfera especial de Navidad. Los renos de tama\u00f1o real permanecen expuestos durante todo el per\u00edodo de Navidad Luz.<\/li>\n<\/ul>\n<p><strong>El Sue\u00f1o de Navidad de Canela \u2013 Rio Grande do Sul<\/strong><\/p>\n<p>El Sue\u00f1o de Navidad es un gran evento de fin de a\u00f1o en Canela. Diversas atracciones, con la participaci\u00f3n de artistas y de la comunidad, emocionan a los turistas y residentes de la ciudad. Este a\u00f1o, el evento tendr\u00e1 lugar desde el 26 de noviembre al 8 de enero de 2017.<\/p>\n<p>Desde 1988, Canela lleva a cabo el Sue\u00f1o de Navidad para adultos y ni\u00f1os, donde el sue\u00f1o se convierte en realidad y la magia ocupa todos los corazones. El Sue\u00f1o de Navidad en Canela cumple con la tradici\u00f3n, la fe y la espiritualidad, con muchos d\u00edas de luz y encanto.<\/p>\n<p>Una decoraci\u00f3n fant\u00e1stica, que valora el esp\u00edritu de la Navidad, as\u00ed como espect\u00e1culos, presentaciones, proyecciones en 3D en la Catedral de Piedra y la esperada llegada de Santa Claus \u2014quien desciende de la torre de la Catedral de Piedra, junto con sus ayudantes, en medio del espect\u00e1culo de luces, fuegos artificiales e historias de Navidad\u2014 volver\u00e1n a ser parte de la programaci\u00f3n.<\/p>\n<ul>\n<li>Escritura de Navidad<\/li>\n<\/ul>\n<p>La Escritura de Navidad retrata toda la trayectoria del nacimiento del Ni\u00f1o Jes\u00fas y narra pasajes de la Biblia con m\u00fasica y teatro.<\/p>\n<ul>\n<li>Navidad en concierto<\/li>\n<\/ul>\n<p>Es un concierto con actuaciones de danza y coreograf\u00edas. La Navidad en concierto mezcla la m\u00fasica cl\u00e1sica navide\u00f1a con rock.<\/p>\n<ul>\n<li>Simplemente Navidad<\/li>\n<\/ul>\n<p>Este espect\u00e1culo combina la presentaci\u00f3n de grandes cantantes acompa\u00f1ados de orquesta, bailarines, acr\u00f3batas y juegos artificiales. Es considerado como el principal espect\u00e1culo de la programaci\u00f3n.<\/p>\n<ul>\n<li>Pueblo de los sue\u00f1os<\/li>\n<\/ul>\n<p>Un lugar encantador con muchos productos artesanales navide\u00f1os. Situado en la plaza central, que es uno de los atractivos m\u00e1s fant\u00e1sticos debido a su arquitectura y originalidad.<\/p>\n<ul>\n<li>Compa\u00f1\u00eda de Noel<\/li>\n<\/ul>\n<p>Es un gran desfile de carrozas aleg\u00f3ricas al tema de Navidad. Esta atracci\u00f3n es gratuita y se lleva a cabo en las principales calles de la ciudad.<\/p>\n<ul>\n<li>Mosaicos de Navidad<\/li>\n<\/ul>\n<p>Se compone de proyecciones en la fachada de la iglesia de Canela. Un espect\u00e1culo gratuito todos los d\u00edas y de alto nivel tecnol\u00f3gico, con equipos de \u00faltima generaci\u00f3n. Las proyecciones alcanzan 65 metros de altura y 30 de ancho, cubriendo totalmente la fachada de la iglesia y transformando su peculiar arquitectura en un show sin precedentes.<\/p>\n<p><strong>Feliz Navidad en Curitiba \u2013 Paran\u00e1<\/strong><\/p>\n<p>Al ser un destino tur\u00edstico importante en el invierno, Curitiba apuesta al per\u00edodo de Navidad y el comienzo del verano brasile\u00f1o para mover la regi\u00f3n e impulsar el sector tur\u00edstico. Es as\u00ed que la magia de la Navidad se extiende a trav\u00e9s de las calles y atrae a los ojos de aquellos que eligieron la ciudad para vivir de cerca el esp\u00edritu de la comuni\u00f3n m\u00e1s familiar del a\u00f1o.<\/p>\n<p>Edificios enteros, centros comerciales, calles, iglesias, castillos y casas se iluminan para celebrar la fecha. Se erigen la &#8216;Casa de Santa Claus&#8217;, la &#8216;F\u00e1brica de juguetes de Santa Claus&#8217; y el &#8216;\u00c1rbol Encantado&#8217;. Es entonces cuando Curitiba se ilumina con el sonido de la risa de Santa Claus.<\/p>\n<p>Curitiba cre\u00f3 un diferencial a partir de una fecha espec\u00edfica. Innovaron, perfeccionaron, trabajaron con capricho y consiguieron el resultado que vemos en diciembre. All\u00ed, la Navidad siempre trae nuevas e interesantes decoraciones, y repeticiones de las programaciones tradicionales.<\/p>\n<ul>\n<li>Uno de los principales atractivos de la \u00e9poca es el <em>Coral do Pal\u00e1cio Avenida<\/em> (Calle XV de Noviembre). Como s\u00edmbolo de la Navidad en la ciudad, el espect\u00e1culo musical est\u00e1 protagonizado por cientos de ni\u00f1os y ocurre en las ventanas de uno de los principales edificios de la ciudad de Curitiba. Este a\u00f1o, la temporada va del 02 al 18 de Diciembre &#8211; siempre los viernes, s\u00e1bados y domingos.<\/li>\n<li>Otro de los atractivos confirmados es el <em>Enchanted Tree<\/em> del Hotel Radisson, en Batel. El evento tendr\u00e1 lugar del 13 hasta el 17 de diciembre.<\/li>\n<li>Adem\u00e1s, la Orquesta de la \u00d3pera Curitiba muestra una vez m\u00e1s el \u00e9xito ocurrido en 2015, cuando para conmemorar la Navidad, present\u00f3 un repertorio de \u00f3peras mundialmente famosas, con un escenario de proyecci\u00f3n compuesto por luces, con lo que el p\u00fablico disfrut\u00f3 la belleza de este arte. Este a\u00f1o, la compa\u00f1\u00eda presenta el Segundo Concierto Navide\u00f1o 2016 el 13 y 14 de diciembre, en el Teatro Fernanda Montenegro.<\/li>\n<\/ul>\n","protected":false},"excerpt":{"rendered":"<p>En ese tiempo, las calles de pueblos y ciudades brasile\u00f1as est\u00e1n llenas y ocupadas. Durante esa \u00e9poca del a\u00f1o, hay<\/p>\n","protected":false},"author":2,"featured_media":3086,"comment_status":"closed","ping_status":"open","sticky":false,"template":"","format":"standard","meta":{"colormag_page_container_layout":"default_layout","colormag_page_sidebar_layout":"default_layout","footnotes":""},"categories":[11],"tags":[],"class_list":["post-3085","post","type-post","status-publish","format-standard","has-post-thumbnail","hentry","category-turismo"],"_links":{"self":[{"href":"https:\/\/lacuevadedominguez.net.pe\/index.php\/wp-json\/wp\/v2\/posts\/3085","targetHints":{"allow":["GET"]}}],"collection":[{"href":"https:\/\/lacuevadedominguez.net.pe\/index.php\/wp-json\/wp\/v2\/posts"}],"about":[{"href":"https:\/\/lacuevadedominguez.net.pe\/index.php\/wp-json\/wp\/v2\/types\/post"}],"author":[{"embeddable":true,"href":"https:\/\/lacuevadedominguez.net.pe\/index.php\/wp-json\/wp\/v2\/users\/2"}],"replies":[{"embeddable":true,"href":"https:\/\/lacuevadedominguez.net.pe\/index.php\/wp-json\/wp\/v2\/comments?post=3085"}],"version-history":[{"count":0,"href":"https:\/\/lacuevadedominguez.net.pe\/index.php\/wp-json\/wp\/v2\/posts\/3085\/revisions"}],"wp:featuredmedia":[{"embeddable":true,"href":"https:\/\/lacuevadedominguez.net.pe\/index.php\/wp-json\/wp\/v2\/media\/3086"}],"wp:attachment":[{"href":"https:\/\/lacuevadedominguez.net.pe\/index.php\/wp-json\/wp\/v2\/media?parent=3085"}],"wp:term":[{"taxonomy":"category","embeddable":true,"href":"https:\/\/lacuevadedominguez.net.pe\/index.php\/wp-json\/wp\/v2\/categories?post=3085"},{"taxonomy":"post_tag","embeddable":true,"href":"https:\/\/lacuevadedominguez.net.pe\/index.php\/wp-json\/wp\/v2\/tags?post=3085"}],"curies":[{"name":"wp","href":"https:\/\/api.w.org\/{rel}","templated":true}]}}