{"id":3177,"date":"2016-12-09T14:35:45","date_gmt":"2016-12-09T19:35:45","guid":{"rendered":"http:\/\/lacuevadedominguez.com\/es\/?p=3177"},"modified":"2016-12-09T14:35:45","modified_gmt":"2016-12-09T19:35:45","slug":"reelecto-presidente-de-capatur-juramento-en-paracas","status":"publish","type":"post","link":"https:\/\/lacuevadedominguez.net.pe\/index.php\/2016\/12\/09\/reelecto-presidente-de-capatur-juramento-en-paracas\/","title":{"rendered":"Reelecto presidente de CAPATUR jurament\u00f3 en Paracas"},"content":{"rendered":"<p>El reelecto Presidente de la <strong>C\u00e1mara de Turismo y Comercio Exterior de Paracas (CAPATUR)<\/strong>, Eduardo J\u00e1uregui Cabrera solicit\u00f3 al gobierno ampliar la doble v\u00eda de <strong>Pisco a Paracas<\/strong> de 17 kil\u00f3metros con un tr\u00e1fico fluido y \u201cno convertirla en una avenida Elmer Faucett que est\u00e1 completamente saturada\u201d, especialmente por el aeropuerto internacional \u201cJorge Ch\u00e1vez\u201d.<\/p>\n<p>\u201cNecesitamos una doble v\u00eda para una libre circulaci\u00f3n vehicular. L\u00f3gicamente, solicitamos la construcci\u00f3n de la <strong>v\u00eda Paracas \u2013 Panamericana Sur<\/strong> para desarrollar un perfecto tr\u00e1fico, sin embotellamiento\u201d, sostuvo el l\u00edder empresarial.<\/p>\n<p>Igualmente, pidi\u00f3 al <strong>Ministerio de Vivienda y Construcci\u00f3n<\/strong>, la ejecuci\u00f3n de obras de agua potable y alcantarillado en Paracas, teniendo en cuenta que dicho balneario tur\u00edstico carece de esos servicios.<\/p>\n<p>Durante su alocuci\u00f3n, el titular de CAPATUR, reiter\u00f3 que al 2021, se espera la asistencia de un mill\u00f3n de turistas y en caso que persistiera la carencia de los referidos elementales servicios, \u201cParacas estar\u00eda envuelto en serios problemas\u201d con el turismo interno y receptivo.<\/p>\n<p>\u201cSe necesita de una buena inversi\u00f3n p\u00fablica para que Paracas pueda enfrentar bien el proceso tur\u00edstico y la demanda que vendr\u00e1 para el 2021\u201d, argument\u00f3 J\u00e1uregui.<\/p>\n<p>A\u00f1adi\u00f3 que una las labores de la junta directiva de CAPATUR en los dos siguientes a\u00f1os ser\u00e1 \u201ciluminar a la gesti\u00f3n p\u00fablica y apuntar la inversi\u00f3n p\u00fablica a este sector tur\u00edstico que genera fuentes de trabajo\u201d.<\/p>\n<p><strong>Ceremonia de juramentaci\u00f3n<\/strong><\/p>\n<p><strong>Eduardo J\u00e1uregui\u00a0 Cabrera<\/strong> fue reelegido por un periodo de dos a\u00f1os (2017 \u2013 2018) como Presidente de la C\u00e1mara de Turismo y Comercio Exterior de Paracas.<\/p>\n<p>Al respecto, la <strong>Directora de la C\u00e1mara Nacional de Turismo, Sarah Miginiac<\/strong> fue encargada de tomarle el juramento de estilo en presencia de representantes empresariales y del <strong>gobierno regional de Ica.<\/strong><\/p>\n<p>La junta directiva de CAPATUR que preside Eduardo J\u00e1uregui est\u00e1 conformada por las siguientes personas:<\/p>\n<p>Jaime Galv\u00e1n Drago &#8211;\u00a0\u00a0 vicepresidente<\/p>\n<p>Am\u00e9rico Solimano Navarro &#8211; Director Tesorero<\/p>\n<p>Wilder Curi\u00f1aupa Donaires \u2013 Director Secretario<\/p>\n<p>F\u00e9lix Torres Luyo \u2013 Director Ejecutivo<\/p>\n<p>Juan Medranda Castillo \u2013 Director Fiscal<\/p>\n<p>Mario Vera Corrales &#8211; Director Fiscal<\/p>\n<p>Andr\u00e9s Espinoza Poma \u2013 Director Vocal<\/p>\n<p>Jos\u00e9 Rosas Zarich \u2013 Director Vocal<\/p>\n<p>Fernando Koechlin Calisto \u2013 Director Vocal<\/p>\n","protected":false},"excerpt":{"rendered":"<p>El reelecto Presidente de la C\u00e1mara de Turismo y Comercio Exterior de Paracas (CAPATUR), Eduardo J\u00e1uregui Cabrera solicit\u00f3 al gobierno<\/p>\n","protected":false},"author":2,"featured_media":3178,"comment_status":"closed","ping_status":"open","sticky":false,"template":"","format":"standard","meta":{"colormag_page_container_layout":"default_layout","colormag_page_sidebar_layout":"default_layout","footnotes":""},"categories":[11],"tags":[],"class_list":["post-3177","post","type-post","status-publish","format-standard","has-post-thumbnail","hentry","category-turismo"],"_links":{"self":[{"href":"https:\/\/lacuevadedominguez.net.pe\/index.php\/wp-json\/wp\/v2\/posts\/3177","targetHints":{"allow":["GET"]}}],"collection":[{"href":"https:\/\/lacuevadedominguez.net.pe\/index.php\/wp-json\/wp\/v2\/posts"}],"about":[{"href":"https:\/\/lacuevadedominguez.net.pe\/index.php\/wp-json\/wp\/v2\/types\/post"}],"author":[{"embeddable":true,"href":"https:\/\/lacuevadedominguez.net.pe\/index.php\/wp-json\/wp\/v2\/users\/2"}],"replies":[{"embeddable":true,"href":"https:\/\/lacuevadedominguez.net.pe\/index.php\/wp-json\/wp\/v2\/comments?post=3177"}],"version-history":[{"count":0,"href":"https:\/\/lacuevadedominguez.net.pe\/index.php\/wp-json\/wp\/v2\/posts\/3177\/revisions"}],"wp:featuredmedia":[{"embeddable":true,"href":"https:\/\/lacuevadedominguez.net.pe\/index.php\/wp-json\/wp\/v2\/media\/3178"}],"wp:attachment":[{"href":"https:\/\/lacuevadedominguez.net.pe\/index.php\/wp-json\/wp\/v2\/media?parent=3177"}],"wp:term":[{"taxonomy":"category","embeddable":true,"href":"https:\/\/lacuevadedominguez.net.pe\/index.php\/wp-json\/wp\/v2\/categories?post=3177"},{"taxonomy":"post_tag","embeddable":true,"href":"https:\/\/lacuevadedominguez.net.pe\/index.php\/wp-json\/wp\/v2\/tags?post=3177"}],"curies":[{"name":"wp","href":"https:\/\/api.w.org\/{rel}","templated":true}]}}