{"id":3197,"date":"2016-12-14T08:01:44","date_gmt":"2016-12-14T13:01:44","guid":{"rendered":"http:\/\/lacuevadedominguez.com\/es\/?p=3197"},"modified":"2016-12-14T08:01:44","modified_gmt":"2016-12-14T13:01:44","slug":"mincetur-10-mil-scouts-brindaran-atencion-y-apoyo-a-turistas-que-recorran-el-peru","status":"publish","type":"post","link":"https:\/\/lacuevadedominguez.net.pe\/index.php\/2016\/12\/14\/mincetur-10-mil-scouts-brindaran-atencion-y-apoyo-a-turistas-que-recorran-el-peru\/","title":{"rendered":"Mincetur: 10 mil scouts brindar\u00e1n atenci\u00f3n y apoyo a turistas que recorran el Per\u00fa"},"content":{"rendered":"<p>M\u00e1s de 10 mil ni\u00f1os, j\u00f3venes y adultos del movimiento scout del Per\u00fa ser\u00e1n capacitados con el objetivo de ofrecer una mejor atenci\u00f3n y apoyo a los turistas nacionales y extranjeros que recorran nuestro pa\u00eds, as\u00ed como valorar nuestra riqueza cultural, inform\u00f3 el Ministerio de Comercio Exterior y Turismo (Mincetur). Para ello, el Mincetur firm\u00f3 un Convenio de Colaboraci\u00f3n con la Asociaci\u00f3n de Scouts del Per\u00fa.<\/p>\n<p>El viceministro de Turismo, Rogers Valencia,\u00a0 revel\u00f3 que el convenio tiene como objetivo impulsar la pr\u00e1ctica de la cultura tur\u00edstica. Por ello, instruir\u00e1 a los l\u00edderes de 211 grupos de scouts a nivel nacional\u00a0 para que repliquen en los m\u00e1s j\u00f3venes estos conocimientos.<\/p>\n<p>As\u00ed, los scouts podr\u00e1n reconocer al\u00a0 turismo como un mecanismo para el desarrollo del pa\u00eds. Adem\u00e1s, la importancia que tiene de recibir al turista con amabilidad y cordialidad, as\u00ed como valorar, querer y proteger nuestro patrimonio cultural, natural e hist\u00f3rico.<\/p>\n<p>Este tipo de acciones forma parte de una nueva estrategia del Ministerio de Comercio Exterior y Turismo para fortalecer la cultura tur\u00edstica en la poblaci\u00f3n, en base a un proceso formativo orientado a distintos grupos de la poblaci\u00f3n como operadores de servicios tur\u00edsticos, turistas, estudiantes y poblaci\u00f3n en general.<\/p>\n<p>El viceministro Valencia subray\u00f3 la participaci\u00f3n de la Asociaci\u00f3n de Scouts del Per\u00fa en esta iniciativa, y destac\u00f3 que esta organizaci\u00f3n cuenta con una metodolog\u00eda educativa vers\u00e1til basada en un proceso de formaci\u00f3n progresiva por niveles de edad y competencias espec\u00edficas. Adem\u00e1s, que forman a sus integrantes con valores, como la solidaridad, honestidad, compromiso, entre otros.<\/p>\n<p>CAPACITACI\u00d3N DE MINCETUR<\/p>\n<p>A trav\u00e9s del convenio suscrito,\u00a0 el movimiento scout recibir\u00e1, por parte del Mincetur,\u00a0 un programa formativo a sus l\u00edderes sobre cultura tur\u00edstica que incluye la transmisi\u00f3n de conocimientos sobre amabilidad, honestidad, orientaci\u00f3n al turista, cuidado del turista y cuidado del patrimonio.<\/p>\n<p>Tambi\u00e9n se desarrollar\u00e1 una \u201cEspecialidad en Turismo\u201d en las diferentes ramas del Movimiento Scouts del Per\u00fa como son Lobatos (7 a 11 a\u00f1os), Scouts (11 a 15 a\u00f1os), Caminantes (15 a 18 a\u00f1os) y Rovers (18 a 21 a\u00f1os). Estas especialidades se entregar\u00e1n al acreditarse conocimientos y acciones destacadas en torno a la Cultura Tur\u00edstica.<\/p>\n<p>&nbsp;<\/p>\n","protected":false},"excerpt":{"rendered":"<p>M\u00e1s de 10 mil ni\u00f1os, j\u00f3venes y adultos del movimiento scout del Per\u00fa ser\u00e1n capacitados con el objetivo de ofrecer<\/p>\n","protected":false},"author":2,"featured_media":3198,"comment_status":"closed","ping_status":"open","sticky":false,"template":"","format":"standard","meta":{"colormag_page_container_layout":"default_layout","colormag_page_sidebar_layout":"default_layout","footnotes":""},"categories":[11],"tags":[],"class_list":["post-3197","post","type-post","status-publish","format-standard","has-post-thumbnail","hentry","category-turismo"],"_links":{"self":[{"href":"https:\/\/lacuevadedominguez.net.pe\/index.php\/wp-json\/wp\/v2\/posts\/3197","targetHints":{"allow":["GET"]}}],"collection":[{"href":"https:\/\/lacuevadedominguez.net.pe\/index.php\/wp-json\/wp\/v2\/posts"}],"about":[{"href":"https:\/\/lacuevadedominguez.net.pe\/index.php\/wp-json\/wp\/v2\/types\/post"}],"author":[{"embeddable":true,"href":"https:\/\/lacuevadedominguez.net.pe\/index.php\/wp-json\/wp\/v2\/users\/2"}],"replies":[{"embeddable":true,"href":"https:\/\/lacuevadedominguez.net.pe\/index.php\/wp-json\/wp\/v2\/comments?post=3197"}],"version-history":[{"count":0,"href":"https:\/\/lacuevadedominguez.net.pe\/index.php\/wp-json\/wp\/v2\/posts\/3197\/revisions"}],"wp:featuredmedia":[{"embeddable":true,"href":"https:\/\/lacuevadedominguez.net.pe\/index.php\/wp-json\/wp\/v2\/media\/3198"}],"wp:attachment":[{"href":"https:\/\/lacuevadedominguez.net.pe\/index.php\/wp-json\/wp\/v2\/media?parent=3197"}],"wp:term":[{"taxonomy":"category","embeddable":true,"href":"https:\/\/lacuevadedominguez.net.pe\/index.php\/wp-json\/wp\/v2\/categories?post=3197"},{"taxonomy":"post_tag","embeddable":true,"href":"https:\/\/lacuevadedominguez.net.pe\/index.php\/wp-json\/wp\/v2\/tags?post=3197"}],"curies":[{"name":"wp","href":"https:\/\/api.w.org\/{rel}","templated":true}]}}