{"id":3264,"date":"2016-12-22T08:02:52","date_gmt":"2016-12-22T13:02:52","guid":{"rendered":"http:\/\/lacuevadedominguez.com\/es\/?p=3264"},"modified":"2016-12-22T08:02:52","modified_gmt":"2016-12-22T13:02:52","slug":"mincetur-capacita-a-serenos-y-taxistas-de-lima-metropolitana-en-materia-de-cultura-calidad-y-seguridad-turistica","status":"publish","type":"post","link":"https:\/\/lacuevadedominguez.net.pe\/index.php\/2016\/12\/22\/mincetur-capacita-a-serenos-y-taxistas-de-lima-metropolitana-en-materia-de-cultura-calidad-y-seguridad-turistica\/","title":{"rendered":"Mincetur capacita a serenos y taxistas de Lima Metropolitana en materia de cultura, calidad y seguridad tur\u00edstica"},"content":{"rendered":"<p>El Ministerio de Comercio Exterior y Turismo (Mincetur), a trav\u00e9s del Viceministerio de Turismo, organiz\u00f3 y desarroll\u00f3 la primera jornada de capacitaci\u00f3n en materia de cultura tur\u00edstica, calidad del servicio y seguridad tur\u00edstica, dirigida al Cuerpo de Serenos de Lima Metropolitana y sus distritos, as\u00ed como a taxistas registrados en el Programa \u201cTaxi C\u00edvico\u201d.<\/p>\n<p>El objetivo de actividad, presidida por el Viceministro de Turismo, Rogers Valencia, fue sensibilizar a los serenos y taxistas de Lima Metropolitana sobre la importancia y valor que tiene su actividad para el turismo, adem\u00e1s de brindarles las principales herramientas que les permitan elevar la calidad de sus servicios orientados a la protecci\u00f3n del turista, a fin de contribuir con la competitividad tur\u00edstica del pa\u00eds.<\/p>\n<p>Como se sabe, el sector turismo en el Per\u00fa viene mostrando un crecimiento sostenido consolid\u00e1ndose como un impulsor del desarrollo socio econ\u00f3mico del pa\u00eds, dinamizador de empleo y herramienta de inclusi\u00f3n social.<\/p>\n<p>En ese sentido, resulta fundamental mejorar las condiciones de seguridad para los turistas y prestadores de servicios tur\u00edsticos, aportando as\u00ed al fomento de la competitividad de un sector econ\u00f3micamente estrat\u00e9gico para el Per\u00fa, como es el turismo.<\/p>\n<p>Esta jornada de capacitaci\u00f3n se enmarca dentro de los lineamientos de pol\u00edtica sectorial del Plan Estrat\u00e9gico Nacional de Turismo (PENTUR) 2016-2025, en el Pilar 4 \u201cInstitucionalidad del Sector\u201d, Componente 4.2 \u201cFortalecimiento de la gesti\u00f3n para la Seguridad Tur\u00edstica\u201d, as\u00ed como al Plan Regional de Seguridad Ciudadana, a cargo del Comit\u00e9 Regional de Seguridad Ciudadana presidido por la Municipalidad Metropolitana de Lima, del cual Mincetur es parte integrante.<\/p>\n<p>Las presentaciones, adem\u00e1s de cultura y calidad tur\u00edstica, versaron sobre normas que regulan los servicios tur\u00edsticos, prevenci\u00f3n de faltas y delitos en agravio de turistas, principales rutas y circuitos tur\u00edsticos en Lima Metropolitana, as\u00ed como prevenci\u00f3n de la trata de personas y lucha contra la explotaci\u00f3n sexual de ni\u00f1os, ni\u00f1as y adolescentes en el \u00e1mbito tur\u00edstico.<\/p>\n<p>Cabe precisar que la Jornada de Capacitaci\u00f3n en Cultura Tur\u00edstica, Calidad en el Servicio y Seguridad Tur\u00edstica es una actividad programada por la Red de Protecci\u00f3n al Turista, presidida por el Mincetur.<\/p>\n","protected":false},"excerpt":{"rendered":"<p>El Ministerio de Comercio Exterior y Turismo (Mincetur), a trav\u00e9s del Viceministerio de Turismo, organiz\u00f3 y desarroll\u00f3 la primera jornada<\/p>\n","protected":false},"author":2,"featured_media":3265,"comment_status":"closed","ping_status":"open","sticky":false,"template":"","format":"standard","meta":{"colormag_page_container_layout":"default_layout","colormag_page_sidebar_layout":"default_layout","footnotes":""},"categories":[11],"tags":[],"class_list":["post-3264","post","type-post","status-publish","format-standard","has-post-thumbnail","hentry","category-turismo"],"_links":{"self":[{"href":"https:\/\/lacuevadedominguez.net.pe\/index.php\/wp-json\/wp\/v2\/posts\/3264","targetHints":{"allow":["GET"]}}],"collection":[{"href":"https:\/\/lacuevadedominguez.net.pe\/index.php\/wp-json\/wp\/v2\/posts"}],"about":[{"href":"https:\/\/lacuevadedominguez.net.pe\/index.php\/wp-json\/wp\/v2\/types\/post"}],"author":[{"embeddable":true,"href":"https:\/\/lacuevadedominguez.net.pe\/index.php\/wp-json\/wp\/v2\/users\/2"}],"replies":[{"embeddable":true,"href":"https:\/\/lacuevadedominguez.net.pe\/index.php\/wp-json\/wp\/v2\/comments?post=3264"}],"version-history":[{"count":0,"href":"https:\/\/lacuevadedominguez.net.pe\/index.php\/wp-json\/wp\/v2\/posts\/3264\/revisions"}],"wp:featuredmedia":[{"embeddable":true,"href":"https:\/\/lacuevadedominguez.net.pe\/index.php\/wp-json\/wp\/v2\/media\/3265"}],"wp:attachment":[{"href":"https:\/\/lacuevadedominguez.net.pe\/index.php\/wp-json\/wp\/v2\/media?parent=3264"}],"wp:term":[{"taxonomy":"category","embeddable":true,"href":"https:\/\/lacuevadedominguez.net.pe\/index.php\/wp-json\/wp\/v2\/categories?post=3264"},{"taxonomy":"post_tag","embeddable":true,"href":"https:\/\/lacuevadedominguez.net.pe\/index.php\/wp-json\/wp\/v2\/tags?post=3264"}],"curies":[{"name":"wp","href":"https:\/\/api.w.org\/{rel}","templated":true}]}}