{"id":3415,"date":"2017-01-12T10:00:06","date_gmt":"2017-01-12T15:00:06","guid":{"rendered":"http:\/\/lacuevadedominguez.com\/es\/?p=3415"},"modified":"2017-01-12T10:00:06","modified_gmt":"2017-01-12T15:00:06","slug":"fitur-madrid-2017-abre-sus-puertas-este-18-de-enero","status":"publish","type":"post","link":"https:\/\/lacuevadedominguez.net.pe\/index.php\/2017\/01\/12\/fitur-madrid-2017-abre-sus-puertas-este-18-de-enero\/","title":{"rendered":"FITUR MADRID 2017 abre sus puertas este 18 de enero"},"content":{"rendered":"<p>Madrid se prepara para recibir a m\u00e1s de 160 delegaciones internacionales \u00a0del sector tur\u00edstico en el marco de la <strong>37\u00aa Edici\u00f3n de la Feria Internacional de Turismo (FITUR),<\/strong> organizado por IFEMA, del 18 al 22 de enero.<\/p>\n<p><strong>Ana Larra\u00f1aga, directora de FITUR<\/strong>, puntualiz\u00f3 que esta feria permite establecer las l\u00edneas en las que el sector de turismo trabajar\u00e1 a lo largo del a\u00f1o, par\u00e1metros que se ir\u00e1n reforzando a la largo del a\u00f1o con otras citas tur\u00edsticas. \u00a0\u201cTrabajamos para hacer que esta feria (FITUR), por ser la primera del a\u00f1o, sea lo suficientemente completa como sentar las bases del sector durante todo el a\u00f1o\u201d, mencion\u00f3 a Caribbean News Digital, medio especializado.<\/p>\n<p>Por su parte, el Presidente del Comit\u00e9 Ejecutivo de IFEMA, <strong>Clemente Gonz\u00e1lez Soler<\/strong>, asever\u00f3 la conveniencia de realizar este evento, al iniciar el a\u00f1o, pues ello determina a Madrid como el primer destino estrat\u00e9gico en el sector.<\/p>\n<p>\u201cEs una gran oportunidad para ampliar las relaciones comerciales con las empresas, instituciones y gobiernos interesados en invertir en el sector turismo\u201d, precis\u00f3 Gonzales.<\/p>\n<p>Cabe destacar que Latinoam\u00e9rica cumple un rol importante en presencia y alianza estrat\u00e9gica con Madrid, es por ello que Argentina ha sido elegida como uno de los socios importantes en esta edici\u00f3n del FITUR, gracias a su presencia en Am\u00e9rica Latina y su auge a nivel internacional, conforme lo han considerado los organizadores.<\/p>\n<p>\u201cArgentina contar\u00e1 con un importante escaparate para la promoci\u00f3n del destino, por ser socio de FITUR. \u00a0Pues est\u00e1 la altura del reto que la feria supone y dicha alianza ratifica el compromiso entre Espa\u00f1a y Argentina como pa\u00edses fraternos. \u00a0Adem\u00e1s, \u00a0estamos trabajando para que quienes visiten el stand de Argentina se sientan como si estuvieran all\u00ed mismo\u201d afirm\u00f3 Roberto Palais, Secretario Ejecutivo de Improtur (Argentina).<\/p>\n<p><strong><u>CIFRAS:<\/u><\/strong><\/p>\n<p>Esta nueva edici\u00f3n de FITUR contar\u00e1 con un espacio de m\u00e1s de <strong>62.000 metros cuadrados<\/strong>, en los que <strong>9.000 empresas<\/strong> y <strong>775 expositores<\/strong> directos dir\u00e1n presente durante los <strong>5 d\u00edas<\/strong> de feria. \u00a0<strong>FITUR 2017<\/strong> generar\u00e1 para Madrid, ingresos superiores a los <strong>240 millones de euros<\/strong>. Por este y otros motivos trascendi\u00f3 que Ferias como estas, reactivan de alg\u00fan modo, la econom\u00eda en Espa\u00f1a.<\/p>\n","protected":false},"excerpt":{"rendered":"<p>Madrid se prepara para recibir a m\u00e1s de 160 delegaciones internacionales \u00a0del sector tur\u00edstico en el marco de la 37\u00aa<\/p>\n","protected":false},"author":2,"featured_media":3416,"comment_status":"closed","ping_status":"open","sticky":false,"template":"","format":"standard","meta":{"colormag_page_container_layout":"default_layout","colormag_page_sidebar_layout":"default_layout","footnotes":""},"categories":[2],"tags":[],"class_list":["post-3415","post","type-post","status-publish","format-standard","has-post-thumbnail","hentry","category-eventos"],"_links":{"self":[{"href":"https:\/\/lacuevadedominguez.net.pe\/index.php\/wp-json\/wp\/v2\/posts\/3415","targetHints":{"allow":["GET"]}}],"collection":[{"href":"https:\/\/lacuevadedominguez.net.pe\/index.php\/wp-json\/wp\/v2\/posts"}],"about":[{"href":"https:\/\/lacuevadedominguez.net.pe\/index.php\/wp-json\/wp\/v2\/types\/post"}],"author":[{"embeddable":true,"href":"https:\/\/lacuevadedominguez.net.pe\/index.php\/wp-json\/wp\/v2\/users\/2"}],"replies":[{"embeddable":true,"href":"https:\/\/lacuevadedominguez.net.pe\/index.php\/wp-json\/wp\/v2\/comments?post=3415"}],"version-history":[{"count":0,"href":"https:\/\/lacuevadedominguez.net.pe\/index.php\/wp-json\/wp\/v2\/posts\/3415\/revisions"}],"wp:featuredmedia":[{"embeddable":true,"href":"https:\/\/lacuevadedominguez.net.pe\/index.php\/wp-json\/wp\/v2\/media\/3416"}],"wp:attachment":[{"href":"https:\/\/lacuevadedominguez.net.pe\/index.php\/wp-json\/wp\/v2\/media?parent=3415"}],"wp:term":[{"taxonomy":"category","embeddable":true,"href":"https:\/\/lacuevadedominguez.net.pe\/index.php\/wp-json\/wp\/v2\/categories?post=3415"},{"taxonomy":"post_tag","embeddable":true,"href":"https:\/\/lacuevadedominguez.net.pe\/index.php\/wp-json\/wp\/v2\/tags?post=3415"}],"curies":[{"name":"wp","href":"https:\/\/api.w.org\/{rel}","templated":true}]}}