{"id":3424,"date":"2017-01-13T08:14:56","date_gmt":"2017-01-13T13:14:56","guid":{"rendered":"http:\/\/lacuevadedominguez.com\/es\/?p=3424"},"modified":"2017-01-13T08:14:56","modified_gmt":"2017-01-13T13:14:56","slug":"centroamerica-travel-market-2017-ya-tiene-sede-el-salvador","status":"publish","type":"post","link":"https:\/\/lacuevadedominguez.net.pe\/index.php\/2017\/01\/13\/centroamerica-travel-market-2017-ya-tiene-sede-el-salvador\/","title":{"rendered":"Centroam\u00e9rica Travel Market 2017 ya tiene sede: El Salvador"},"content":{"rendered":"<p>Ocho a\u00f1os despu\u00e9s\u2026 \u00a0la <strong>XI Edici\u00f3n del Centroam\u00e9rica Travel Market 2017 (CATM<\/strong>), tendr\u00e1 como sede El Salvador.<\/p>\n<p>Los organizadores apuntan al reto de convocar a m\u00e1s de 100 empresarios de la regi\u00f3n, dada las expectativas generadas en ediciones anteriores.<\/p>\n<p>En comunicado difundido en el pa\u00eds anfitri\u00f3n, el ministro de turismo, <strong>Jos\u00e9 Napole\u00f3n Duarte Dur\u00e1n<\/strong>, se\u00f1al\u00f3 que este evento tiene la finalidad de \u00abcontribuir al posicionamiento y difusi\u00f3n de la marca Centroam\u00e9rica\u00bb.<\/p>\n<p>Son varias las instituciones involucradas y todas, con amplia experiencia en el tema de organizaci\u00f3n y promoci\u00f3n de eventos de esta magnitud, entre ellas, la Federaci\u00f3n de C\u00e1maras de Turismo de Centroam\u00e9rica FEDECATUR, \u00a0las Autoridades Nacionales de Turismo y la Agencia de Promoci\u00f3n Tur\u00edstica de Centroam\u00e9rica (CATA).<\/p>\n<p>Al CATM han sido invitados m\u00e1s de 20 medios de prensa internacional, con lo que los organizadores esperan alcanzar una mayor promoci\u00f3n. Adem\u00e1s, el evento concentrar\u00e1 a los ministros y autoridades de turismo de la regi\u00f3n, mayoristas de Europa y Estados Unidos y alrededor de 100 vendedores centroamericanos, inform\u00f3 <strong><em>caribbeannewsdigital,<\/em><\/strong> medio especializado de la regi\u00f3n, quien tambi\u00e9n resalt\u00f3 la oferta tur\u00edstica local.<\/p>\n<p>&nbsp;<\/p>\n<p>&nbsp;<\/p>\n<p><strong><em>Foto: caribbeannewsdigital.com<\/em><\/strong><\/p>\n","protected":false},"excerpt":{"rendered":"<p>Ocho a\u00f1os despu\u00e9s\u2026 \u00a0la XI Edici\u00f3n del Centroam\u00e9rica Travel Market 2017 (CATM), tendr\u00e1 como sede El Salvador. Los organizadores apuntan<\/p>\n","protected":false},"author":2,"featured_media":3427,"comment_status":"closed","ping_status":"open","sticky":false,"template":"","format":"standard","meta":{"colormag_page_container_layout":"default_layout","colormag_page_sidebar_layout":"default_layout","footnotes":""},"categories":[2],"tags":[],"class_list":["post-3424","post","type-post","status-publish","format-standard","has-post-thumbnail","hentry","category-eventos"],"_links":{"self":[{"href":"https:\/\/lacuevadedominguez.net.pe\/index.php\/wp-json\/wp\/v2\/posts\/3424","targetHints":{"allow":["GET"]}}],"collection":[{"href":"https:\/\/lacuevadedominguez.net.pe\/index.php\/wp-json\/wp\/v2\/posts"}],"about":[{"href":"https:\/\/lacuevadedominguez.net.pe\/index.php\/wp-json\/wp\/v2\/types\/post"}],"author":[{"embeddable":true,"href":"https:\/\/lacuevadedominguez.net.pe\/index.php\/wp-json\/wp\/v2\/users\/2"}],"replies":[{"embeddable":true,"href":"https:\/\/lacuevadedominguez.net.pe\/index.php\/wp-json\/wp\/v2\/comments?post=3424"}],"version-history":[{"count":0,"href":"https:\/\/lacuevadedominguez.net.pe\/index.php\/wp-json\/wp\/v2\/posts\/3424\/revisions"}],"wp:featuredmedia":[{"embeddable":true,"href":"https:\/\/lacuevadedominguez.net.pe\/index.php\/wp-json\/wp\/v2\/media\/3427"}],"wp:attachment":[{"href":"https:\/\/lacuevadedominguez.net.pe\/index.php\/wp-json\/wp\/v2\/media?parent=3424"}],"wp:term":[{"taxonomy":"category","embeddable":true,"href":"https:\/\/lacuevadedominguez.net.pe\/index.php\/wp-json\/wp\/v2\/categories?post=3424"},{"taxonomy":"post_tag","embeddable":true,"href":"https:\/\/lacuevadedominguez.net.pe\/index.php\/wp-json\/wp\/v2\/tags?post=3424"}],"curies":[{"name":"wp","href":"https:\/\/api.w.org\/{rel}","templated":true}]}}