{"id":3885,"date":"2017-03-30T10:57:52","date_gmt":"2017-03-30T15:57:52","guid":{"rendered":"http:\/\/lacuevadedominguez.com\/es\/?p=3885"},"modified":"2018-05-30T10:19:27","modified_gmt":"2018-05-30T15:19:27","slug":"mas-de-3-millones-de-dolares-dejaria-rally-dakar-2018-a-paracas","status":"publish","type":"post","link":"https:\/\/lacuevadedominguez.net.pe\/index.php\/2017\/03\/30\/mas-de-3-millones-de-dolares-dejaria-rally-dakar-2018-a-paracas\/","title":{"rendered":"M\u00e1s de 3 millones de d\u00f3lares dejar\u00eda Rally Dakar 2018 a Paracas"},"content":{"rendered":"<p class=\"m_4593431811097906189m_-6958598986460403278gmail-MsoNoSpacing\"><strong>El Rally Dakar volver\u00e1 al Per\u00fa en enero del 2018<\/strong> y <strong>Paracas<\/strong> ser\u00e1 nuevamente una de las paradas oficiales de esta importante competencia automovil\u00edstica, noticia que fue bien recibida por los empresarios del principal balneario de nuestro pa\u00eds, quienes ya se preparan para recibir a los miles de visitantes que arribar\u00e1n el pr\u00f3ximo a\u00f1o, entre competidores, equipos t\u00e9cnicos y aficionados.<\/p>\n<p class=\"m_4593431811097906189m_-6958598986460403278gmail-MsoNoSpacing\">El P<strong>residente de la C\u00e1mara de Turismo y Comercio Exterior de Paracas, Eduardo J\u00e1uregui<\/strong> afirm\u00f3 que el entusiasmo no es gratuito, puesto que, en el a\u00f1o 2015, cuando nuestro pa\u00eds fue sede del Dakar por \u00faltima vez, los ingresos que gener\u00f3 el evento deportivo a la econom\u00eda de Paracas bordearon los US$ 2.0 millones. \u00a0\u201cAhora las expectativas son mayores y se estima un movimiento comercial superior a los US$ 3.0 \u00a0millones\u201d, se\u00f1al\u00f3.<\/p>\n<p class=\"m_4593431811097906189m_-6958598986460403278gmail-MsoNoSpacing\">El titular de CAPATUR dijo que la realizaci\u00f3n del Dakar en el 2018 tendr\u00e1 un impacto positivo en las inversiones hoteleras, en la mejora de los servicios tur\u00edsticos, en el desarrollo del destino y en el crecimiento de la econom\u00eda local. \u00a0\u201cCelebramos que Per\u00fa est\u00e9 considerado nuevamente en el itinerario y sobre todo en la partida del Rally Dakar 2018. \u00a0Ser punto de partida significa que ese mismo d\u00eda llegar\u00e1n los competidores a Paracas, ya que el recorrido desde Lima toma ahora solo dos horas. Recordemos que, en el 2015, los pilotos manifestaron que Paracas fue una buena plaza, por su excelente desierto y escenario ideal para un rally como el Dakar\u201d, manifest\u00f3 J\u00e1uregui.<\/p>\n<p class=\"m_4593431811097906189m_-6958598986460403278gmail-MsoNoSpacing\">Eduardo J\u00e1uregui resalt\u00f3 que la realizaci\u00f3n del Rally Dakar 2018 motiva a los empresarios locales a mejorar su infraestructura y los servicios que prestan a los turistas, de cara a atender de la mejor manera a los visitantes. \u00a0Actualmente, la planta hotelera de Paracas suma 40 establecimientos de diferentes categor\u00edas y cerca de 3 mil camas.<\/p>\n<p class=\"m_4593431811097906189m_-6958598986460403278gmail-MsoNoSpacing\">Consultado sobre las denuncias de atentados al patrimonio hist\u00f3rico que, a\u00f1os atr\u00e1s, trajo consigo la realizaci\u00f3n del Rally Dakar en nuestro pa\u00eds, Eduardo J\u00e1uregui sostuvo que en Paracas no se reportaron da\u00f1os que lamentar y, por el contrario, fueron muchos los beneficios que dej\u00f3 esta competencia.<\/p>\n<p class=\"m_4593431811097906189m_-6958598986460403278gmail-MsoNoSpacing\">Respecto a la posibilidad de que Per\u00fa decida suspender su participaci\u00f3n en el Dakar 2018, debido a los desastres naturales que hoy en d\u00eda azotan gran parte del pa\u00eds, J\u00e1uregui dijo que este panorama no ser\u00eda beneficioso para el pa\u00eds y menos para destinos incluidos en el recorrido oficial, como el caso de Paracas.<\/p>\n<p class=\"m_4593431811097906189m_-6958598986460403278gmail-MsoNoSpacing\">\n","protected":false},"excerpt":{"rendered":"<p>El Rally Dakar volver\u00e1 al Per\u00fa en enero del 2018 y Paracas ser\u00e1 nuevamente una de las paradas oficiales de<\/p>\n","protected":false},"author":2,"featured_media":3886,"comment_status":"closed","ping_status":"open","sticky":false,"template":"","format":"standard","meta":{"colormag_page_container_layout":"default_layout","colormag_page_sidebar_layout":"default_layout","footnotes":""},"categories":[11],"tags":[51,45],"class_list":["post-3885","post","type-post","status-publish","format-standard","has-post-thumbnail","hentry","category-turismo","tag-rally-dakar","tag-turismo"],"_links":{"self":[{"href":"https:\/\/lacuevadedominguez.net.pe\/index.php\/wp-json\/wp\/v2\/posts\/3885","targetHints":{"allow":["GET"]}}],"collection":[{"href":"https:\/\/lacuevadedominguez.net.pe\/index.php\/wp-json\/wp\/v2\/posts"}],"about":[{"href":"https:\/\/lacuevadedominguez.net.pe\/index.php\/wp-json\/wp\/v2\/types\/post"}],"author":[{"embeddable":true,"href":"https:\/\/lacuevadedominguez.net.pe\/index.php\/wp-json\/wp\/v2\/users\/2"}],"replies":[{"embeddable":true,"href":"https:\/\/lacuevadedominguez.net.pe\/index.php\/wp-json\/wp\/v2\/comments?post=3885"}],"version-history":[{"count":1,"href":"https:\/\/lacuevadedominguez.net.pe\/index.php\/wp-json\/wp\/v2\/posts\/3885\/revisions"}],"predecessor-version":[{"id":6255,"href":"https:\/\/lacuevadedominguez.net.pe\/index.php\/wp-json\/wp\/v2\/posts\/3885\/revisions\/6255"}],"wp:featuredmedia":[{"embeddable":true,"href":"https:\/\/lacuevadedominguez.net.pe\/index.php\/wp-json\/wp\/v2\/media\/3886"}],"wp:attachment":[{"href":"https:\/\/lacuevadedominguez.net.pe\/index.php\/wp-json\/wp\/v2\/media?parent=3885"}],"wp:term":[{"taxonomy":"category","embeddable":true,"href":"https:\/\/lacuevadedominguez.net.pe\/index.php\/wp-json\/wp\/v2\/categories?post=3885"},{"taxonomy":"post_tag","embeddable":true,"href":"https:\/\/lacuevadedominguez.net.pe\/index.php\/wp-json\/wp\/v2\/tags?post=3885"}],"curies":[{"name":"wp","href":"https:\/\/api.w.org\/{rel}","templated":true}]}}