{"id":4034,"date":"2017-04-24T10:30:29","date_gmt":"2017-04-24T15:30:29","guid":{"rendered":"http:\/\/lacuevadedominguez.com\/es\/?p=4034"},"modified":"2017-04-24T10:30:29","modified_gmt":"2017-04-24T15:30:29","slug":"peru-mucho-gusto-en-tacna","status":"publish","type":"post","link":"https:\/\/lacuevadedominguez.net.pe\/index.php\/2017\/04\/24\/peru-mucho-gusto-en-tacna\/","title":{"rendered":"\u2018Per\u00fa, Mucho Gusto\u2019 en Tacna"},"content":{"rendered":"<p>PROMPER\u00da anunci\u00f3 la realizaci\u00f3n de la feria gastron\u00f3mica \u2018Per\u00fa Mucho Gusto\u2019 en la ciudad de Tacna, del 29 de abril al 1 de mayo, con el objetivo de promover los destinos tur\u00edsticos de nuestro pa\u00eds a trav\u00e9s de la gastronom\u00eda.<\/p>\n<p>En esta ocasi\u00f3n, se estima una afluencia de m\u00e1s de 30 mil personas, de los cuales el 15% son turistas chilenos, lo que representa una oportunidad inmejorable para poner en vitrina lo mejor de nuestra cultura culinaria y promover las regiones. Por otro lado, el feriado largo del 1 de mayo ofrece tambi\u00e9n una alternativa de viaje para los turistas nacionales hacia Tacna.<\/p>\n<p>Durante el encuentro, que se realizar\u00e1 en el Parque Per\u00fa, el p\u00fablico podr\u00e1 disfrutar de cerca de 100 propuestas de 21 regiones del pa\u00eds entre restaurantes, cocina de campo, picanter\u00edas, bares, postres, carretillas y food trucks, as\u00ed como de una zona de mercado y artesan\u00eda.<\/p>\n<p>Hay que destacar que, a trav\u00e9s de clases magistrales, tambi\u00e9n estar\u00e1 participando la \u2018Generaci\u00f3n con Causa\u2019, la cual est\u00e1 representada por j\u00f3venes cocineros de Lima y provincias que tienen como misi\u00f3n continuar con la consolidaci\u00f3n de las bases de la gastronom\u00eda peruana.<\/p>\n<p>Adem\u00e1s, la feria ofrecer\u00e1 a los asistentes presentaciones en vivo a cargo de grupos como Bareto, La Nueva Invasi\u00f3n, Markess, Lobos de Ciudad, Dead Pop y Kalabi-Yau, as\u00ed como de cajoneros y de danzas t\u00edpicas del Per\u00fa.<\/p>\n<p>La presentaci\u00f3n de &#8216;Per\u00fa, Mucho Gusto, Tacna&#8217; se realiz\u00f3 en el restaurante &#8216;Se\u00f1or\u00edo de Sulco&#8217; en Miraflores. La feria tambi\u00e9n ser\u00e1 anunciada en las ciudades de Tacna y Arica, el 20 y 21 de abril respectivamente.<\/p>\n<p>Esta feria, organizada por PROMPER\u00da, con el apoyo de la Municipalidad Provincial de Tacna, se integra a las estrategias para promover el turismo interno y fronterizo a trav\u00e9s de nuestra gastronom\u00eda.<\/p>\n<p>En ese sentido, cabe se\u00f1alar que el Per\u00fa ha sido elegido, por cinco a\u00f1os consecutivos, como \u2018Mejor Destino Culinario del Mundo\u2019 en los World Travel Awards (WTA), considerados los premios \u00d3scar de la industria del turismo.<\/p>\n<p>Turismo de frontera<\/p>\n<p>De los 3 744 461 arribos internacionales al Per\u00fa durante el a\u00f1o 2016, hay que destacar que 936 207 se realizaron a trav\u00e9s de la frontera de Tacna, lo que represent\u00f3 el 25% del total.<\/p>\n<p>Adem\u00e1s, del total de ingresos de chilenos al Per\u00fa en el a\u00f1o 2016, la frontera de Tacna represent\u00f3 el 80% (830 286), con un crecimiento del +5% respecto al a\u00f1o 2015.<\/p>\n<p>Sobre Per\u00fa, Mucho Gusto<\/p>\n<p>\u2018Per\u00fa, Mucho Gusto\u2019 es la marca gastron\u00f3mica con la que PROMPER\u00da viene promocionando, desde el a\u00f1o 2006, la gastronom\u00eda peruana a nivel nacional e internacional.<\/p>\n<p>Hasta el momento, se han realizado doce \u2018Per\u00fa, Mucho Gusto\u2019 descentralizados en diversas regiones como Cusco, Tacna, Ica, Ayacucho, San Mart\u00edn, Tumbes y Piura.<\/p>\n<p>Mira el video de presentaci\u00f3n de \u2018Per\u00fa, Mucho Gusto\u2019 en Tacna en el siguiente enlace:<\/p>\n<p><a href=\"https:\/\/l.facebook.com\/l.php?u=https%3A%2F%2Fwww.youtube.com%2Fwatch%3Fv%3Da8sohCDUxHg&amp;h=ATPYEyxN_hrkweTmV_RSspAsyuuQF_s41RfrlwIgpSZjYIEjWWD5utFQXBrueA55fBB1A0Sb7GAl-LHLy3hB7hIcyWlSOKX4y7wUQpMM1ZucAVNYoDtSyltutXAtbU7N-m6-3A&amp;s=1\" target=\"_blank\" rel=\"noopener noreferrer\">https:\/\/www.youtube.com\/watch?v=a8sohCDUxHg<\/a><\/p>\n","protected":false},"excerpt":{"rendered":"<p>PROMPER\u00da anunci\u00f3 la realizaci\u00f3n de la feria gastron\u00f3mica \u2018Per\u00fa Mucho Gusto\u2019 en la ciudad de Tacna, del 29 de abril<\/p>\n","protected":false},"author":2,"featured_media":4035,"comment_status":"closed","ping_status":"open","sticky":false,"template":"","format":"standard","meta":{"colormag_page_container_layout":"default_layout","colormag_page_sidebar_layout":"default_layout","footnotes":""},"categories":[2],"tags":[],"class_list":["post-4034","post","type-post","status-publish","format-standard","has-post-thumbnail","hentry","category-eventos"],"_links":{"self":[{"href":"https:\/\/lacuevadedominguez.net.pe\/index.php\/wp-json\/wp\/v2\/posts\/4034","targetHints":{"allow":["GET"]}}],"collection":[{"href":"https:\/\/lacuevadedominguez.net.pe\/index.php\/wp-json\/wp\/v2\/posts"}],"about":[{"href":"https:\/\/lacuevadedominguez.net.pe\/index.php\/wp-json\/wp\/v2\/types\/post"}],"author":[{"embeddable":true,"href":"https:\/\/lacuevadedominguez.net.pe\/index.php\/wp-json\/wp\/v2\/users\/2"}],"replies":[{"embeddable":true,"href":"https:\/\/lacuevadedominguez.net.pe\/index.php\/wp-json\/wp\/v2\/comments?post=4034"}],"version-history":[{"count":0,"href":"https:\/\/lacuevadedominguez.net.pe\/index.php\/wp-json\/wp\/v2\/posts\/4034\/revisions"}],"wp:featuredmedia":[{"embeddable":true,"href":"https:\/\/lacuevadedominguez.net.pe\/index.php\/wp-json\/wp\/v2\/media\/4035"}],"wp:attachment":[{"href":"https:\/\/lacuevadedominguez.net.pe\/index.php\/wp-json\/wp\/v2\/media?parent=4034"}],"wp:term":[{"taxonomy":"category","embeddable":true,"href":"https:\/\/lacuevadedominguez.net.pe\/index.php\/wp-json\/wp\/v2\/categories?post=4034"},{"taxonomy":"post_tag","embeddable":true,"href":"https:\/\/lacuevadedominguez.net.pe\/index.php\/wp-json\/wp\/v2\/tags?post=4034"}],"curies":[{"name":"wp","href":"https:\/\/api.w.org\/{rel}","templated":true}]}}