{"id":4069,"date":"2017-05-04T16:32:40","date_gmt":"2017-05-04T21:32:40","guid":{"rendered":"http:\/\/lacuevadedominguez.com\/es\/?p=4069"},"modified":"2017-05-04T16:32:40","modified_gmt":"2017-05-04T21:32:40","slug":"lima-y-montreal-ciudades-que-unira-air-canada","status":"publish","type":"post","link":"https:\/\/lacuevadedominguez.net.pe\/index.php\/2017\/05\/04\/lima-y-montreal-ciudades-que-unira-air-canada\/","title":{"rendered":"Lima y Montreal, ciudades que unir\u00e1 Air Canada"},"content":{"rendered":"<p>Air Canada contin\u00faa reforzando su posici\u00f3n y liderazgo en el Per\u00fa. Muestra de ello es que, a partir de diciembre pr\u00f3ximo, la l\u00ednea a\u00e9rea de bandera de Canad\u00e1 inaugurar\u00e1 una nueva ruta directa Lima Montreal. Con la adici\u00f3n de esta nueva ruta \u00fanica y sin escalas, que complementa el servicio existente entre Toronto y Lima, se ampl\u00eda a\u00fan m\u00e1s el alcance de Air Canada en nuestro pa\u00eds.<\/p>\n<p>Tras el anuncio, Patricia L\u00facar, gerente de ventas de Air Canada, dijo que la nueva ruta permitir\u00e1 reforzar la posici\u00f3n de Air Canada y aumentar su cuota de mercado entre Canad\u00e1 y Per\u00fa. Igualmente, sostuvo que posiciona estrat\u00e9gicamente a Air Canada como una pieza importante en el mercado creciente entre Montreal y Am\u00e9rica del Sur.<\/p>\n<p>De acuerdo a la programaci\u00f3n, el servicio comenzar\u00e1 el 16 de diciembre pr\u00f3ximo desde Montreal, con un \u00faltimo vuelo desde Lima el 27 de mayo de 2018. Los vuelos ser\u00e1n operados con 282 asientos Boeing 767, con alta calidad y el servicio econ\u00f3mico de la clase Rouge.<\/p>\n<p>El \u00fanico servicio sin escalas entre Montreal y Lima, tendr\u00e1 una programaci\u00f3n de vuelos de dos veces por semana: saliendo de Lima a las 06:15 horas para arribar en Montreal a las 11:30. \u00a0Mientras que para la ruta de regreso, la aeronave partir\u00e1 de Montreal a las 17:10 horas con llegada a Lima a la 01:45.<\/p>\n","protected":false},"excerpt":{"rendered":"<p>Air Canada contin\u00faa reforzando su posici\u00f3n y liderazgo en el Per\u00fa. Muestra de ello es que, a partir de diciembre<\/p>\n","protected":false},"author":2,"featured_media":4070,"comment_status":"closed","ping_status":"open","sticky":false,"template":"","format":"standard","meta":{"colormag_page_container_layout":"default_layout","colormag_page_sidebar_layout":"default_layout","footnotes":""},"categories":[11],"tags":[],"class_list":["post-4069","post","type-post","status-publish","format-standard","has-post-thumbnail","hentry","category-turismo"],"_links":{"self":[{"href":"https:\/\/lacuevadedominguez.net.pe\/index.php\/wp-json\/wp\/v2\/posts\/4069","targetHints":{"allow":["GET"]}}],"collection":[{"href":"https:\/\/lacuevadedominguez.net.pe\/index.php\/wp-json\/wp\/v2\/posts"}],"about":[{"href":"https:\/\/lacuevadedominguez.net.pe\/index.php\/wp-json\/wp\/v2\/types\/post"}],"author":[{"embeddable":true,"href":"https:\/\/lacuevadedominguez.net.pe\/index.php\/wp-json\/wp\/v2\/users\/2"}],"replies":[{"embeddable":true,"href":"https:\/\/lacuevadedominguez.net.pe\/index.php\/wp-json\/wp\/v2\/comments?post=4069"}],"version-history":[{"count":0,"href":"https:\/\/lacuevadedominguez.net.pe\/index.php\/wp-json\/wp\/v2\/posts\/4069\/revisions"}],"wp:featuredmedia":[{"embeddable":true,"href":"https:\/\/lacuevadedominguez.net.pe\/index.php\/wp-json\/wp\/v2\/media\/4070"}],"wp:attachment":[{"href":"https:\/\/lacuevadedominguez.net.pe\/index.php\/wp-json\/wp\/v2\/media?parent=4069"}],"wp:term":[{"taxonomy":"category","embeddable":true,"href":"https:\/\/lacuevadedominguez.net.pe\/index.php\/wp-json\/wp\/v2\/categories?post=4069"},{"taxonomy":"post_tag","embeddable":true,"href":"https:\/\/lacuevadedominguez.net.pe\/index.php\/wp-json\/wp\/v2\/tags?post=4069"}],"curies":[{"name":"wp","href":"https:\/\/api.w.org\/{rel}","templated":true}]}}