{"id":4253,"date":"2017-05-26T10:55:13","date_gmt":"2017-05-26T15:55:13","guid":{"rendered":"http:\/\/lacuevadedominguez.com\/es\/?p=4253"},"modified":"2017-05-26T10:55:13","modified_gmt":"2017-05-26T15:55:13","slug":"maletas-del-peru-obtuvo-oro-en-el-premio-ideas","status":"publish","type":"post","link":"https:\/\/lacuevadedominguez.net.pe\/index.php\/2017\/05\/26\/maletas-del-peru-obtuvo-oro-en-el-premio-ideas\/","title":{"rendered":"\u00abMaletas del Per\u00fa\u00bb obtuvo oro en el Premio IDEAS"},"content":{"rendered":"<p>La creatividad de la campa\u00f1a<strong> \u2018Maletas del Per\u00fa\u2019 de PROMPER\u00da<\/strong> sigue recibiendo reconocimientos. En esta oportunidad, obtuvo el primer lugar en las categor\u00edas \u2018V\u00eda P\u00fablica\u2019 y \u2018Medios de comunicaci\u00f3n, recreaci\u00f3n, viajes y entretenimiento\u2019 en el Premio IDEAS, organizado por la Asociaci\u00f3n Peruana de Agencias de Publicidad \u2013 APAP.<\/p>\n<p>Estos premios, uno de los m\u00e1s importantes de la industria publicitaria en el pa\u00eds, valoran el esfuerzo de esta acci\u00f3n, realizada a trav\u00e9s de la Marca Per\u00fa, que naci\u00f3 del compromiso de llevar nuestras maravillas a todo el mundo de una forma innovadora. La campa\u00f1a \u2018Maletas del Per\u00fa\u2019, realizada con la agencia Tribal 121 y que se lanz\u00f3 en el mes de junio del a\u00f1o pasado, consisti\u00f3 en entregar a nuestros embajadores de la Marca Per\u00fa unas maletas exclusivas decoradas con destinos tur\u00edsticos como Lima, Machu Picchu, el Lago Titicaca y la Reserva Nacional Pacaya Samiria.<\/p>\n<p>De esta forma, cada vez que personalidades como Juan Diego Florez, Natalia M\u00e1laga o Sonia Morales viajaban a representar a nuestro pa\u00eds, sus maletas captaban la atenci\u00f3n de todos los pasajeros mientras eran trasladadas por las cintas de equipaje de los aeropuertos internacionales. De esta forma creativa, se consiguieron espacios publicitarios totalmente gratis.<\/p>\n<p>Hay que recordar que el a\u00f1o pasado la campa\u00f1a \u2018Maletas del Per\u00fa\u2019 fue la ganadora de plata en la subcategor\u00eda Activaci\u00f3n de Marca (categor\u00eda El Ojo Eficacia) y de bronce en la subcategor\u00eda Medios Alternativos (categor\u00eda El Ojo Media), durante el <strong>XIX Festival Internacional el Ojo de Iberoam\u00e9rica<\/strong>, el m\u00e1s prestigioso premio de la industria publicitaria de la regi\u00f3n.<\/p>\n<p>Mira el video de la campa\u00f1a \u2018Maletas del Per\u00fa\u2019 aqu\u00ed: <a href=\"https:\/\/youtu.be\/hUMlLaV3UBM\" target=\"_blank\" rel=\"noopener\">https:\/\/youtu.be\/hUMlLaV3UBM<\/a><\/p>\n","protected":false},"excerpt":{"rendered":"<p>La creatividad de la campa\u00f1a \u2018Maletas del Per\u00fa\u2019 de PROMPER\u00da sigue recibiendo reconocimientos. En esta oportunidad, obtuvo el primer lugar<\/p>\n","protected":false},"author":2,"featured_media":4254,"comment_status":"closed","ping_status":"open","sticky":false,"template":"","format":"standard","meta":{"colormag_page_container_layout":"default_layout","colormag_page_sidebar_layout":"default_layout","footnotes":""},"categories":[11],"tags":[],"class_list":["post-4253","post","type-post","status-publish","format-standard","has-post-thumbnail","hentry","category-turismo"],"_links":{"self":[{"href":"https:\/\/lacuevadedominguez.net.pe\/index.php\/wp-json\/wp\/v2\/posts\/4253","targetHints":{"allow":["GET"]}}],"collection":[{"href":"https:\/\/lacuevadedominguez.net.pe\/index.php\/wp-json\/wp\/v2\/posts"}],"about":[{"href":"https:\/\/lacuevadedominguez.net.pe\/index.php\/wp-json\/wp\/v2\/types\/post"}],"author":[{"embeddable":true,"href":"https:\/\/lacuevadedominguez.net.pe\/index.php\/wp-json\/wp\/v2\/users\/2"}],"replies":[{"embeddable":true,"href":"https:\/\/lacuevadedominguez.net.pe\/index.php\/wp-json\/wp\/v2\/comments?post=4253"}],"version-history":[{"count":0,"href":"https:\/\/lacuevadedominguez.net.pe\/index.php\/wp-json\/wp\/v2\/posts\/4253\/revisions"}],"wp:featuredmedia":[{"embeddable":true,"href":"https:\/\/lacuevadedominguez.net.pe\/index.php\/wp-json\/wp\/v2\/media\/4254"}],"wp:attachment":[{"href":"https:\/\/lacuevadedominguez.net.pe\/index.php\/wp-json\/wp\/v2\/media?parent=4253"}],"wp:term":[{"taxonomy":"category","embeddable":true,"href":"https:\/\/lacuevadedominguez.net.pe\/index.php\/wp-json\/wp\/v2\/categories?post=4253"},{"taxonomy":"post_tag","embeddable":true,"href":"https:\/\/lacuevadedominguez.net.pe\/index.php\/wp-json\/wp\/v2\/tags?post=4253"}],"curies":[{"name":"wp","href":"https:\/\/api.w.org\/{rel}","templated":true}]}}