{"id":4385,"date":"2017-06-10T09:39:15","date_gmt":"2017-06-10T09:39:15","guid":{"rendered":"http:\/\/lacuevadedominguez.com\/es\/?p=4385"},"modified":"2018-05-29T20:40:42","modified_gmt":"2018-05-29T20:40:42","slug":"50-medios-internacionales-cubriran-maraton-de-las-arenas-que-se-correra-en-las-dunas-de-ica","status":"publish","type":"post","link":"https:\/\/lacuevadedominguez.net.pe\/index.php\/2017\/06\/10\/50-medios-internacionales-cubriran-maraton-de-las-arenas-que-se-correra-en-las-dunas-de-ica\/","title":{"rendered":"50 medios internacionales cubrir\u00e1n Marat\u00f3n de las Arenas que se correr\u00e1 en las dunas de Ica"},"content":{"rendered":"<p>El ministro de Comercio Exterior y Turismo, Eduardo Ferreyros, anunci\u00f3\u00a0 que la legendaria Marat\u00f3n de las Arenas \u2013o Marathon Des Sables, como es conocida internacionalmente por su nombre en franc\u00e9s\u2013, considerada la carrera pedestre m\u00e1s intensa del mundo, ser\u00e1 trasmsmitida por m\u00e1s de 50 medios internacionales de Estados Unidos, Brasil, Jap\u00f3n, M\u00e9xico y Europa, que cubrir\u00e1n las incidencias de la competencia, garantizando la exposici\u00f3n medi\u00e1tica de nuestro pa\u00eds y la Marca Per\u00fa a nivel mundial.<\/p>\n<p>Dicha competencia, donde Per\u00fa es el primer pa\u00eds americano en recibir esta competici\u00f3n que recorrer\u00e1 250 kil\u00f3metros trav\u00e9s de los paisajes inigualables que brindan las<strong> dunas de Nasca y Paracas, en Ica<\/strong> se\u00a0realizar\u00e1 en el Per\u00fa <strong>del 26 de noviembre al 6 de diciembre<\/strong>, lo que tambi\u00e9n permitir\u00e1 \u00a0promocionar nuestro pa\u00eds como destino de alta competencia.<\/p>\n<p>Cabe destacar que esta carrera, que llega a nuestro pa\u00eds gracias a las gestiones de MINCETUR y PROMPER\u00da, contar\u00e1 con el apoyo del Ministerio del Ambiente a trav\u00e9s del SERNANP y el Ministerio de Cultura para trazar su recorrido, el que delimitar\u00e1 claramente las zonas de exclusi\u00f3n para garantizar el respeto y protecci\u00f3n de nuestro patrimonio natural y cultural.<\/p>\n<p>La Marat\u00f3n de las Arenas es una competici\u00f3n que se realiza de manera ininterrumpida en el desierto del Sahara marroqu\u00ed desde 1986 y convoca en cada edici\u00f3n a cerca de 1400 deportistas de \u00e9lite de todo el mundo, quienes soportan situaciones extremas para llegar a la meta, como temperaturas sobre los 50\u00ba Celsius y el tener que cargar con sus alimentos durante los d\u00edas que dura la carrera.<\/p>\n<p>El proceso de inscripci\u00f3n para participar en la Marat\u00f3n de las Arenas se realiza a trav\u00e9s de la web <a href=\"http:\/\/www.marathondessables.com\/\" data-saferedirecturl=\"https:\/\/www.google.com\/url?hl=es-419&amp;q=http:\/\/www.marathondessables.com\/&amp;source=gmail&amp;ust=1497188452633000&amp;usg=AFQjCNFhJsnRdd05-GgTQcJnUbyPk8XNRw\" target=\"_blank\" rel=\"noopener\">http:\/\/www.marathondessables.com\/<\/a> y para esta primera edici\u00f3n en el Per\u00fa se ha fijado un m\u00e1ximo total de 500 cupos.<\/p>\n<p>Durante la conferencia de prensa, se present\u00f3 al destacado <strong>corredor peruano Remigio Huam\u00e1n Quispe<\/strong> como nuevo embajador de la <strong>Marca Per\u00fa<\/strong>, distinci\u00f3n que tiene como objetivo reconocer a peruanos que, por sus logros personales y profesionales, son considerados ejemplos de excelencia y motivo de orgullo para nuestro pa\u00eds.<\/p>\n<p>Este a\u00f1o, Huam\u00e1n, natural de Huancavelica, <strong>qued\u00f3 en quinto lugar en la Marat\u00f3n de las Arenas en Marruecos<\/strong>, que se corri\u00f3 durante la pasada Semana Santa.\u00a0 En la Marat\u00f3n de las Arenas \u2013 Per\u00fa, Huam\u00e1n Quispe aspira al podio de los ganadores.<\/p>\n","protected":false},"excerpt":{"rendered":"<p>El ministro de Comercio Exterior y Turismo, Eduardo Ferreyros, anunci\u00f3\u00a0 que la legendaria Marat\u00f3n de las Arenas \u2013o Marathon Des<\/p>\n","protected":false},"author":2,"featured_media":4386,"comment_status":"closed","ping_status":"open","sticky":false,"template":"","format":"standard","meta":{"colormag_page_container_layout":"default_layout","colormag_page_sidebar_layout":"default_layout","footnotes":""},"categories":[2],"tags":[],"class_list":["post-4385","post","type-post","status-publish","format-standard","has-post-thumbnail","hentry","category-eventos"],"_links":{"self":[{"href":"https:\/\/lacuevadedominguez.net.pe\/index.php\/wp-json\/wp\/v2\/posts\/4385","targetHints":{"allow":["GET"]}}],"collection":[{"href":"https:\/\/lacuevadedominguez.net.pe\/index.php\/wp-json\/wp\/v2\/posts"}],"about":[{"href":"https:\/\/lacuevadedominguez.net.pe\/index.php\/wp-json\/wp\/v2\/types\/post"}],"author":[{"embeddable":true,"href":"https:\/\/lacuevadedominguez.net.pe\/index.php\/wp-json\/wp\/v2\/users\/2"}],"replies":[{"embeddable":true,"href":"https:\/\/lacuevadedominguez.net.pe\/index.php\/wp-json\/wp\/v2\/comments?post=4385"}],"version-history":[{"count":1,"href":"https:\/\/lacuevadedominguez.net.pe\/index.php\/wp-json\/wp\/v2\/posts\/4385\/revisions"}],"predecessor-version":[{"id":6279,"href":"https:\/\/lacuevadedominguez.net.pe\/index.php\/wp-json\/wp\/v2\/posts\/4385\/revisions\/6279"}],"wp:featuredmedia":[{"embeddable":true,"href":"https:\/\/lacuevadedominguez.net.pe\/index.php\/wp-json\/wp\/v2\/media\/4386"}],"wp:attachment":[{"href":"https:\/\/lacuevadedominguez.net.pe\/index.php\/wp-json\/wp\/v2\/media?parent=4385"}],"wp:term":[{"taxonomy":"category","embeddable":true,"href":"https:\/\/lacuevadedominguez.net.pe\/index.php\/wp-json\/wp\/v2\/categories?post=4385"},{"taxonomy":"post_tag","embeddable":true,"href":"https:\/\/lacuevadedominguez.net.pe\/index.php\/wp-json\/wp\/v2\/tags?post=4385"}],"curies":[{"name":"wp","href":"https:\/\/api.w.org\/{rel}","templated":true}]}}