{"id":4541,"date":"2017-06-21T10:00:15","date_gmt":"2017-06-21T15:00:15","guid":{"rendered":"http:\/\/lacuevadedominguez.com\/es\/?p=4541"},"modified":"2017-06-21T10:00:15","modified_gmt":"2017-06-21T15:00:15","slug":"federacion-espanola-de-hosteleria-fehr-ya-tiene-nuevo-presidente","status":"publish","type":"post","link":"https:\/\/lacuevadedominguez.net.pe\/index.php\/2017\/06\/21\/federacion-espanola-de-hosteleria-fehr-ya-tiene-nuevo-presidente\/","title":{"rendered":"Federaci\u00f3n Espa\u00f1ola de Hosteler\u00eda (FEHR) ya tiene nuevo presidente"},"content":{"rendered":"<p><strong>Jos\u00e9 Luis Yzuel ha sido elegido nuevo presidente de la Federaci\u00f3n Espa\u00f1ola de Hosteler\u00eda (FEHR) en la Asamblea General Electoral que tuvo\u00a0lugar esta ma\u00f1ana en Madrid.<\/strong><\/p>\n<p><strong>Yzuel sustituye en el cargo a Jos\u00e9 Mar\u00eda Rubio<\/strong>, quien tras doce a\u00f1os al frente de FEHR ha concluido su trayectoria habiendo agotado el plazo m\u00e1ximo que permiten los estatutos de FEHR, si bien contin\u00faa su compromiso con la hosteler\u00eda, manteni\u00e9ndose en el nuevo Comit\u00e9 Ejecutivo. \u00a0Adem\u00e1s de Rubio, que asume el cargo de vocal, \u00a0el nuevo \u00a0Comit\u00e9 est\u00e1 formado por Manuel Hern\u00e1ndez de Alba (La Vi\u00f1a), Pere Ch\u00edas Suriol (Gremi de Restauraci\u00f3 de Barcelona)\u00a0 y Alfredo Garc\u00eda Quintana, como vicepresidentes; Rafael Andr\u00e9s Llorente (AMER), como interventor; Antonio Mart\u00ednez Rodr\u00edguez (Confederaci\u00f3n Empresarial de Turismo de Extremadura), como tesorero; Antonio de Mar\u00eda Ceballos (Horeca C\u00e1diz)\u00a0 y Alfonso Silva Garc\u00eda (Asociaci\u00f3n Provincial de Hosteler\u00eda y Turismo de Toledo), como censores de actas; Mikel Ubarrechena Pis\u00f3n (Asociaci\u00f3n Empresarios Hosteler\u00eda de Guip\u00fazcoa) y Francisco Mart\u00ednez Berg\u00e9s (Asociaci\u00f3n Riojana de Hosteler\u00eda) como vocales ; Juli\u00e1n Duque Pascual ( Agrupaci\u00f3n Industrial de Hosteleros Segovianos), como vocal de restauraci\u00f3n; Ana Beriain Apesteguia ( Asociaci\u00f3n Empresarios de Hosteler\u00eda Navarra), como vocal de Hospedaje, y Jos\u00e9 Francisco Real Castro (Asociaci\u00f3n Provincial de Empresarios de Hosteler\u00eda y Turismo de Lugo), como vocal de ocio nocturno.<\/p>\n<p><strong>Jos\u00e9 Luis Yzuel es presidente de la Federaci\u00f3n de Empresarios de Hoteles y Restaurantes de Zaragoza (Horeca) y de la Confederaci\u00f3n de Empresarios de Hosteler\u00eda y Turismo de Arag\u00f3n<\/strong>, adem\u00e1s de haber sido vocal de restauraci\u00f3n en el Comit\u00e9 Ejecutivo de FEHR los \u00faltimos 12 a\u00f1os. Procedente de Sari\u00f1ena (Huesca) es empresario con restaurantes en Zaragoza y Madrid, salas de espect\u00e1culos en Zaragoza y salones de banquetes en la misma ciudad. Pertenece a la cuarta generaci\u00f3n de empresarios de hosteler\u00eda.<\/p>\n<p>Para los pr\u00f3ximos 4 a\u00f1os quiere centrar su labor al frente de los hosteleros a nivel nacional en cuatro puntos fundamentales: defensa sectorial, relaciones laborales y negociaci\u00f3n colectiva, formaci\u00f3n y empleo, promoci\u00f3n y gastronom\u00eda, as\u00ed como mayor participaci\u00f3n y servicios a las asociaciones que integran FEHR.<\/p>\n<p>En este sentido, el programa presentado por Yzuel en su candidatura aborda puntos como la coordinaci\u00f3n de actuaciones colectivas para la soluci\u00f3n de problemas comunes en diferentes partes del territorio nacional, as\u00ed como apoyo en la soluci\u00f3n de problemas territoriales; desarrollo de \u00a0herramientas para consolidar la profesionalizaci\u00f3n del sector;\u00a0 mantener y ampliar las alianzas estrat\u00e9gicas con el resto de agentes sociales ; \u00a0desarrollo de un portal de empleo de referencia para el sector; desarrollo de acciones que doten de visibilidad a la oferta gastron\u00f3mica del sector, que favorezcan el incremento de tr\u00e1fico a los establecimientos, al tiempo que se potencie la informaci\u00f3n sobre las funcionalidades de las organizaciones que integran FEHR.<\/p>\n<p>&nbsp;<\/p>\n<p><strong><u>Jos\u00e9 Mar\u00eda Rubio, 12 a\u00f1os de profesionalizaci\u00f3n y reconocimiento sectorial<\/u><\/strong><\/p>\n<p>El hasta ahora presidente de FEHR, <strong>Jos\u00e9 Mar\u00eda Rubio, deja su puesto tras tres mandatos<\/strong> en los que, como ha reconocido el propio Jos\u00e9 Luis Yzuel, ha destacado por su <em>\u201centrega y compromiso con el sector contribuyendo al engrandecimiento del mismo y al reconocimiento social que merece un sector tan importante y con tanto peso en la econom\u00eda nacional, como es la hosteler\u00eda\u201d.<\/em><\/p>\n<p>Entre sus logros destaca estrechar lazos y colaboraciones con organizaciones afines al sector; <strong>la creaci\u00f3n de Club FEHR, un grupo de marcas proveedoras del sector que colaboran para llevar a cabo proyectos estrat\u00e9gicos para FEHR como son los Premios FEHR, un Estudio anual detallado de la hosteler\u00eda y su evoluci\u00f3n, la edici\u00f3n de una revista y un peri\u00f3dico digital con informaci\u00f3n de inter\u00e9s tanto para los hosteleros como fuente fiable para los medios de comunicaci\u00f3n, el desarrollo de campa\u00f1as de responsabilidad social.<\/strong><\/p>\n<p>En los \u00faltimos a\u00f1os ha promovido la puesta en marcha de un Plan Renove junto con el Ministerio de Industria, la creaci\u00f3n de una comercializadora de energ\u00eda para el sector o acciones encaminadas a la digitalizaci\u00f3n y modernizaci\u00f3n del sector. <strong>Asimismo, ha apostado por proyectos gastron\u00f3micos, como el Club de Producto Saborea Espa\u00f1a con el D\u00eda Mundial de la Tapa o Capital Espa\u00f1ola de la Gastronom\u00eda.<\/strong><\/p>\n<p>&nbsp;<\/p>\n<p><em>Fuente:\u00a0<a href=\"http:\/\/hosteleriadigital.es\/\" target=\"_blank\" rel=\"noopener noreferrer\" data-saferedirecturl=\"https:\/\/www.google.com\/url?hl=es-419&amp;q=http:\/\/hosteleriadigital.es&amp;source=gmail&amp;ust=1498140942025000&amp;usg=AFQjCNFhXh7qL2TFy3R5v7LWvxZaVDR1Ew\">hosteleriadigital.es<\/a> <\/em><\/p>\n","protected":false},"excerpt":{"rendered":"<p>Jos\u00e9 Luis Yzuel ha sido elegido nuevo presidente de la Federaci\u00f3n Espa\u00f1ola de Hosteler\u00eda (FEHR) en la Asamblea General Electoral<\/p>\n","protected":false},"author":2,"featured_media":4542,"comment_status":"closed","ping_status":"open","sticky":false,"template":"","format":"standard","meta":{"colormag_page_container_layout":"default_layout","colormag_page_sidebar_layout":"default_layout","footnotes":""},"categories":[5],"tags":[],"class_list":["post-4541","post","type-post","status-publish","format-standard","has-post-thumbnail","hentry","category-recomendados"],"_links":{"self":[{"href":"https:\/\/lacuevadedominguez.net.pe\/index.php\/wp-json\/wp\/v2\/posts\/4541","targetHints":{"allow":["GET"]}}],"collection":[{"href":"https:\/\/lacuevadedominguez.net.pe\/index.php\/wp-json\/wp\/v2\/posts"}],"about":[{"href":"https:\/\/lacuevadedominguez.net.pe\/index.php\/wp-json\/wp\/v2\/types\/post"}],"author":[{"embeddable":true,"href":"https:\/\/lacuevadedominguez.net.pe\/index.php\/wp-json\/wp\/v2\/users\/2"}],"replies":[{"embeddable":true,"href":"https:\/\/lacuevadedominguez.net.pe\/index.php\/wp-json\/wp\/v2\/comments?post=4541"}],"version-history":[{"count":0,"href":"https:\/\/lacuevadedominguez.net.pe\/index.php\/wp-json\/wp\/v2\/posts\/4541\/revisions"}],"wp:featuredmedia":[{"embeddable":true,"href":"https:\/\/lacuevadedominguez.net.pe\/index.php\/wp-json\/wp\/v2\/media\/4542"}],"wp:attachment":[{"href":"https:\/\/lacuevadedominguez.net.pe\/index.php\/wp-json\/wp\/v2\/media?parent=4541"}],"wp:term":[{"taxonomy":"category","embeddable":true,"href":"https:\/\/lacuevadedominguez.net.pe\/index.php\/wp-json\/wp\/v2\/categories?post=4541"},{"taxonomy":"post_tag","embeddable":true,"href":"https:\/\/lacuevadedominguez.net.pe\/index.php\/wp-json\/wp\/v2\/tags?post=4541"}],"curies":[{"name":"wp","href":"https:\/\/api.w.org\/{rel}","templated":true}]}}