{"id":4552,"date":"2017-06-22T11:12:12","date_gmt":"2017-06-22T16:12:12","guid":{"rendered":"http:\/\/lacuevadedominguez.com\/es\/?p=4552"},"modified":"2018-05-31T09:35:35","modified_gmt":"2018-05-31T14:35:35","slug":"republica-dominicana-apuesta-por-el-turismo-religioso","status":"publish","type":"post","link":"https:\/\/lacuevadedominguez.net.pe\/index.php\/2017\/06\/22\/republica-dominicana-apuesta-por-el-turismo-religioso\/","title":{"rendered":"Rep\u00fablica Dominicana apuesta por el Turismo Religioso"},"content":{"rendered":"<p>El Ministerio de Turismo dominicano inform\u00f3 que en alianza con una organizaci\u00f3n no gubernamental promover\u00e1 el turismo religioso como estrategia enfocada en presentar al mundo la historia y los lugares donde se inici\u00f3 la difusi\u00f3n de la fe cat\u00f3lica en Am\u00e9rica.<\/p>\n<p>El jefe de la cartera, Francisco Javier Garc\u00eda, dijo en un comunicado que para esos fines se reuni\u00f3 con directivos de la fundaci\u00f3n Ram\u00f3n Pan\u00e9, encabezados por su vicepresidente, el arzobispo em\u00e9rito de la ciudad dominicana de Santiago (norte), Benito de la Rosa y Carpio. Garc\u00eda manifest\u00f3 que el <strong>Proyecto \u00abSenderos de la fe\u00bb<\/strong> busca incorporar el turismo religioso a las ofertas de Rep\u00fablica Dominicana, conjuntamente con el fortalecimiento de los valores familiares.<\/p>\n<p>Expres\u00f3 que el pa\u00eds cuenta con las premisas de la fe y la evangelizaci\u00f3n del nuevo mundo, lo que constituye un gran atractivo y diversifica \u00abnuestra oferta como destino l\u00edder del turismo en el Caribe\u00bb. \u00a0En el comunicado, la directora de Planificaci\u00f3n y Proyectos de Turismo, Maribel Villalona, present\u00f3 las directrices generales del proyecto, que incluye los<strong> lugares hist\u00f3ricos vinculados al inicio de la evangelizaci\u00f3n en los a\u00f1os finales del siglo XV y durante el siglo XVI.<\/strong> La funcionaria explic\u00f3 que la primera actividad de la fundaci\u00f3n, con apoyo del Ministerio de Turismo, ser\u00e1 un seminario que llevar\u00e1 al pa\u00eds un centenar de j\u00f3venes profesionales l\u00edderes cat\u00f3licos de diversos pa\u00edses para conocer la historia y los lugares de los inicios de la fe cristiana en las Am\u00e9ricas y la vida del espa\u00f1ol <strong>fray Ram\u00f3n Pan\u00e9, primer evangelizador del nuevo mundo<\/strong>.<\/p>\n<p>El objetivo del evento es que los participantes sirvan de embajadores de la fe, de lo que la fundaci\u00f3n considera una interesante oferta tur\u00edstica vinculada al origen del cristianismo en la regi\u00f3n. Villalona agreg\u00f3 que ese encuentro se realizar\u00e1 en Puerto Plata (norte) en septiembre venidero con participaci\u00f3n tambi\u00e9n de j\u00f3venes dominicanos. Fray Ram\u00f3n Pan\u00e9 fue un religioso que arrib\u00f3 a la isla \u00abLa Espa\u00f1ola\u00bb (que comparten hoy Rep\u00fablica Dominicana y Hait\u00ed) en el segundo viaje de Crist\u00f3bal Col\u00f3n. El religioso tuvo a su cargo iniciar la tarea de evangelizaci\u00f3n de los nativos. Para esto hizo los primeros estudios que se conocen de la cultura y h\u00e1bitos de los ta\u00ednos y aprendi\u00f3 su lengua. Sus escritos son considerados los primeros estudios antropol\u00f3gicos y de cultura ta\u00edna.<\/p>\n<p>&nbsp;<\/p>\n<p><em>Fuente: EFE<\/em><\/p>\n<p><em>www.caribbeannewsdigital.com<\/em><\/p>\n<p><em>Foto:\u00a0listindiario.com<\/em><\/p>\n","protected":false},"excerpt":{"rendered":"<p>El Ministerio de Turismo dominicano inform\u00f3 que en alianza con una organizaci\u00f3n no gubernamental promover\u00e1 el turismo religioso como estrategia<\/p>\n","protected":false},"author":2,"featured_media":4553,"comment_status":"closed","ping_status":"open","sticky":false,"template":"","format":"standard","meta":{"colormag_page_container_layout":"default_layout","colormag_page_sidebar_layout":"default_layout","footnotes":""},"categories":[11],"tags":[44,94,45],"class_list":["post-4552","post","type-post","status-publish","format-standard","has-post-thumbnail","hentry","category-turismo","tag-destinos","tag-republica-dominicana","tag-turismo"],"_links":{"self":[{"href":"https:\/\/lacuevadedominguez.net.pe\/index.php\/wp-json\/wp\/v2\/posts\/4552","targetHints":{"allow":["GET"]}}],"collection":[{"href":"https:\/\/lacuevadedominguez.net.pe\/index.php\/wp-json\/wp\/v2\/posts"}],"about":[{"href":"https:\/\/lacuevadedominguez.net.pe\/index.php\/wp-json\/wp\/v2\/types\/post"}],"author":[{"embeddable":true,"href":"https:\/\/lacuevadedominguez.net.pe\/index.php\/wp-json\/wp\/v2\/users\/2"}],"replies":[{"embeddable":true,"href":"https:\/\/lacuevadedominguez.net.pe\/index.php\/wp-json\/wp\/v2\/comments?post=4552"}],"version-history":[{"count":1,"href":"https:\/\/lacuevadedominguez.net.pe\/index.php\/wp-json\/wp\/v2\/posts\/4552\/revisions"}],"predecessor-version":[{"id":6497,"href":"https:\/\/lacuevadedominguez.net.pe\/index.php\/wp-json\/wp\/v2\/posts\/4552\/revisions\/6497"}],"wp:featuredmedia":[{"embeddable":true,"href":"https:\/\/lacuevadedominguez.net.pe\/index.php\/wp-json\/wp\/v2\/media\/4553"}],"wp:attachment":[{"href":"https:\/\/lacuevadedominguez.net.pe\/index.php\/wp-json\/wp\/v2\/media?parent=4552"}],"wp:term":[{"taxonomy":"category","embeddable":true,"href":"https:\/\/lacuevadedominguez.net.pe\/index.php\/wp-json\/wp\/v2\/categories?post=4552"},{"taxonomy":"post_tag","embeddable":true,"href":"https:\/\/lacuevadedominguez.net.pe\/index.php\/wp-json\/wp\/v2\/tags?post=4552"}],"curies":[{"name":"wp","href":"https:\/\/api.w.org\/{rel}","templated":true}]}}