{"id":4614,"date":"2017-06-28T11:44:28","date_gmt":"2017-06-28T16:44:28","guid":{"rendered":"http:\/\/lacuevadedominguez.com\/es\/?p=4614"},"modified":"2017-06-28T11:44:28","modified_gmt":"2017-06-28T16:44:28","slug":"feliz-90-aniversario-iberia","status":"publish","type":"post","link":"https:\/\/lacuevadedominguez.net.pe\/index.php\/2017\/06\/28\/feliz-90-aniversario-iberia\/","title":{"rendered":"Feliz 90 Aniversario Iberia!!!"},"content":{"rendered":"<p><a href=\"http:\/\/www.iberia.com\/\" data-saferedirecturl=\"https:\/\/www.google.com\/url?hl=es-419&amp;q=http:\/\/www.iberia.com&amp;source=gmail&amp;ust=1498748456578000&amp;usg=AFQjCNFuy0rqBY-Mx4Ufqp7ciFKBsdclPA\" target=\"_blank\" rel=\"noopener\">Iberia<\/a> cumple hoy <strong>90 a\u00f1os <\/strong>de su fundaci\u00f3n. \u00a0El <a href=\"http:\/\/grupo.iberia.es\/portal\/site\/WebCorporativa\/menuitem.b797fdaa31db34736e1f7671f34e51ca\/\" data-saferedirecturl=\"https:\/\/www.google.com\/url?hl=es-419&amp;q=http:\/\/grupo.iberia.es\/portal\/site\/WebCorporativa\/menuitem.b797fdaa31db34736e1f7671f34e51ca\/&amp;source=gmail&amp;ust=1498748456578000&amp;usg=AFQjCNGVzA5_p5NWkWoYO28KvYkpnSq1gA\" target=\"_blank\" rel=\"noopener\"><strong>28 de junio de 1927<\/strong><\/a> se constituy\u00f3 Iberia, Compa\u00f1\u00eda A\u00e9rea de Transporte y el 14 de diciembre de ese mismo a\u00f1o oper\u00f3 el <strong>primer vuelo comercial de la compa\u00f1\u00eda entre Madrid y Barcelona<\/strong>, con un avi\u00f3n <a href=\"http:\/\/grupo.iberia.es\/portal\/site\/WebCorporativa\/menuitem.6e692f6b006e61a0ef0e5210f34e51ca\/\" data-saferedirecturl=\"https:\/\/www.google.com\/url?hl=es-419&amp;q=http:\/\/grupo.iberia.es\/portal\/site\/WebCorporativa\/menuitem.6e692f6b006e61a0ef0e5210f34e51ca\/&amp;source=gmail&amp;ust=1498748456578000&amp;usg=AFQjCNHkEshJIMrfDA5C-gr-4dOAHJb0cg\" target=\"_blank\" rel=\"noopener\">Rohrbach R-VIII Roland<\/a> que ten\u00eda capacidad para 10 personas. \u00a0<strong>El precio del billete era de 163 pesetas por trayecto y de 300 pesetas por un billete de ida y vuelta, de un vuelo cuya duraci\u00f3n era de tres horas y media.<\/strong><\/p>\n<p>Otro hito importante en la historia de Iberia es el inicio de sus vuelos a Am\u00e9rica Latina en 1946, hace m\u00e1s de 70 a\u00f1os, convirti\u00e9ndose en la <strong>primera aerol\u00ednea que ofrec\u00eda vuelos regulares entre Europa y Latinoam\u00e9rica.<\/strong><\/p>\n<p>Iberia celebra su 90\u00ba aniversario en uno de sus mejores momentos: seg\u00fan <a href=\"http:\/\/www.flightstats.com\/go\/Home\/home.do\" data-saferedirecturl=\"https:\/\/www.google.com\/url?hl=es-419&amp;q=http:\/\/www.flightstats.com\/go\/Home\/home.do&amp;source=gmail&amp;ust=1498748456578000&amp;usg=AFQjCNGZky4DMgxxg0gzwee6KK0OaGkNgA\" target=\"_blank\" rel=\"noopener\">Flightstats<\/a>,\u00a0 en 2016 fue la <strong>compa\u00f1\u00eda a\u00e9rea m\u00e1s puntual del mundo<\/strong>, y, en 2017, ha seguido liderando este ranking en los meses de enero, febrero, abril y mayo.<\/p>\n<p>Adem\u00e1s, la semana pasada Iberia obtuvo la prestigiosa <strong>4\u00aa estrella Skytrax<\/strong>, en reconocimiento a un alto y consistente est\u00e1ndar tanto de su producto y de sus niveles de calidad, como del servicio y atenci\u00f3n que ofrece su personal a bordo y en la T4 del aeropuerto de Madrid, donde Iberia ha desarrollado su hub.<\/p>\n<p>Adem\u00e1s, el a\u00f1o pasado, Iberia fue reconocida tambi\u00e9n por la analista del sector a\u00e9reo <a href=\"https:\/\/centreforaviation.com\/\" data-saferedirecturl=\"https:\/\/www.google.com\/url?hl=es-419&amp;q=https:\/\/centreforaviation.com\/&amp;source=gmail&amp;ust=1498748456578000&amp;usg=AFQjCNEVdj7OZSPDuQ2TRzOVJO-M6oQMng\" target=\"_blank\" rel=\"noopener\">CAPA<\/a>\u201cpor <strong>la mejor transformaci\u00f3n de una l\u00ednea a\u00e9rea<\/strong>\u201d.<\/p>\n<p>&nbsp;<\/p>\n<p>El pasado fin de semana Iberia celebraba su 90 cumplea\u00f1os con una <strong>exhibici\u00f3n a\u00e9rea en el aer\u00f3dromo madrile\u00f1o de Cuatro Vientos<\/strong>, donde oper\u00f3 el primer vuelo de la aerol\u00ednea en 1927.<\/p>\n<p>Cerca de <strong>2.500 invitados<\/strong>, entre clientes, empleados, proveedores, socios y otras personas vinculadas a la historia de la compa\u00f1\u00eda pudieron disfrutar del del vuelo acrob\u00e1tico de los aviones de la <a href=\"http:\/\/patrullaaguila.defensa.gob.es\/\" data-saferedirecturl=\"https:\/\/www.google.com\/url?hl=es-419&amp;q=http:\/\/patrullaaguila.defensa.gob.es\/&amp;source=gmail&amp;ust=1498748456578000&amp;usg=AFQjCNFneHwY6tvqcseKirfWIze_blFx5w\" target=\"_blank\" rel=\"noopener\"><strong>Patrulla \u00c1guila del Ej\u00e9rcito del Aire<\/strong><\/a> acompa\u00f1ada por un <strong>Airbus A330<\/strong> de la aerol\u00ednea.<\/p>\n<p><strong>Luis Gallego<\/strong>, presidente ejecutivo de Iberia, daba las gracias a todos los que han hecho posible que Iberia llegue a su 90 cumplea\u00f1os: \u201cCelebramos nuestro 90 aniversario con la seguridad que da la experiencia y con la energ\u00eda e ilusi\u00f3n de empezar cada d\u00eda. Gracias al trabajo de nuestros empleados y a la confianza de nuestros clientes y socios hemos podido llegar hasta aqu\u00ed. 90 a\u00f1os no son nada, estoy seguro de que con el esfuerzo de todos los que hacemos Iberia y el apoyo de nuestros pasajeros, podremos celebrar, al menos, otros 90 a\u00f1os m\u00e1s\u201d.<\/p>\n","protected":false},"excerpt":{"rendered":"<p>Iberia cumple hoy 90 a\u00f1os de su fundaci\u00f3n. \u00a0El 28 de junio de 1927 se constituy\u00f3 Iberia, Compa\u00f1\u00eda A\u00e9rea de<\/p>\n","protected":false},"author":2,"featured_media":4615,"comment_status":"open","ping_status":"open","sticky":false,"template":"","format":"standard","meta":{"colormag_page_container_layout":"default_layout","colormag_page_sidebar_layout":"default_layout","footnotes":""},"categories":[5],"tags":[],"class_list":["post-4614","post","type-post","status-publish","format-standard","has-post-thumbnail","hentry","category-recomendados"],"_links":{"self":[{"href":"https:\/\/lacuevadedominguez.net.pe\/index.php\/wp-json\/wp\/v2\/posts\/4614","targetHints":{"allow":["GET"]}}],"collection":[{"href":"https:\/\/lacuevadedominguez.net.pe\/index.php\/wp-json\/wp\/v2\/posts"}],"about":[{"href":"https:\/\/lacuevadedominguez.net.pe\/index.php\/wp-json\/wp\/v2\/types\/post"}],"author":[{"embeddable":true,"href":"https:\/\/lacuevadedominguez.net.pe\/index.php\/wp-json\/wp\/v2\/users\/2"}],"replies":[{"embeddable":true,"href":"https:\/\/lacuevadedominguez.net.pe\/index.php\/wp-json\/wp\/v2\/comments?post=4614"}],"version-history":[{"count":0,"href":"https:\/\/lacuevadedominguez.net.pe\/index.php\/wp-json\/wp\/v2\/posts\/4614\/revisions"}],"wp:featuredmedia":[{"embeddable":true,"href":"https:\/\/lacuevadedominguez.net.pe\/index.php\/wp-json\/wp\/v2\/media\/4615"}],"wp:attachment":[{"href":"https:\/\/lacuevadedominguez.net.pe\/index.php\/wp-json\/wp\/v2\/media?parent=4614"}],"wp:term":[{"taxonomy":"category","embeddable":true,"href":"https:\/\/lacuevadedominguez.net.pe\/index.php\/wp-json\/wp\/v2\/categories?post=4614"},{"taxonomy":"post_tag","embeddable":true,"href":"https:\/\/lacuevadedominguez.net.pe\/index.php\/wp-json\/wp\/v2\/tags?post=4614"}],"curies":[{"name":"wp","href":"https:\/\/api.w.org\/{rel}","templated":true}]}}