{"id":4629,"date":"2017-07-03T10:57:15","date_gmt":"2017-07-03T15:57:15","guid":{"rendered":"http:\/\/lacuevadedominguez.com\/es\/?p=4629"},"modified":"2017-07-03T10:57:15","modified_gmt":"2017-07-03T15:57:15","slug":"atencion-amantes-del-cafe-hoy-conversatorio-en-mezzanine-cafe-gourmet","status":"publish","type":"post","link":"https:\/\/lacuevadedominguez.net.pe\/index.php\/2017\/07\/03\/atencion-amantes-del-cafe-hoy-conversatorio-en-mezzanine-cafe-gourmet\/","title":{"rendered":"Atenci\u00f3n amantes del caf\u00e9: Hoy conversatorio en Mezzanine Caf\u00e9 Gourmet"},"content":{"rendered":"<p><strong>D\u00eda:\u00a0Lunes 03 de Julio<\/strong><\/p>\n<p><strong>Hora: 17:00 hrs.<\/strong><\/p>\n<p>Tenemos el agrado de invitarle al <strong>Conversatorio \u201cAvances y desaf\u00edos del sector cafetalero en el Per\u00fa: la experiencia del caficultor Ra\u00fal Mamani\u201d.<\/strong><\/p>\n<p>El cual se llevar\u00e1 a cabo en el local de <strong>Mezzanine Caf\u00e9 Gourmet<\/strong>, Jr. San Mart\u00edn 484, Magdalena del Mar.<\/p>\n<p>El Sr. Mamani ha ganado varios premios a nivel nacional e internacional. En el 2010 fue seleccionado como el mejor caf\u00e9 del mundo en la feria de la Asociaci\u00f3n Americana de Caf\u00e9s Especiales (SCAA). Ha sido bicampe\u00f3n del Concurso Nacional de Caf\u00e9s de Calidad 2012 y 2015, y ha quedado en segundo lugar en el 2005 y\u00a02016.<\/p>\n<p>Y recientemente \u2013a fines del mes de Abril de este a\u00f1o- ha obtenido el <strong>Premio Mundial al Mejor Caf\u00e9 de Calidad de peque\u00f1os productores de caf\u00e9 en la feria internacional de Global Specialty Coffee SCA 2017, realizada en Seattle, Estados Unidos.<\/strong><\/p>\n<p>El objetivo del evento es analizar la problem\u00e1tica del sector cafetalero, con \u00e9nfasis en la perspectiva y los problemas que enfrentan los peque\u00f1os caficultores del pa\u00eds.<\/p>\n<p>En ese sentido, ser\u00e1 una oportunidad para rendir un homenaje al Sr. Ra\u00fal Mamani \u2013y a trav\u00e9s suyo a los caficultores que con tanto esfuerzo viene mejorando la calidad del caf\u00e9 producido en el Per\u00fa-.<\/p>\n<p>As\u00ed mismo mencionar que el caf\u00e9 preparado en Mezzanine es el caf\u00e9 que cultiva el Sr. Ra\u00fal Mamani, siendo uno de nuestro primeros proveedores de caf\u00e9.<\/p>\n<p>Organizado por\u00a0<a href=\"https:\/\/www.facebook.com\/Mezzaninecafegourmet\/\" data-saferedirecturl=\"https:\/\/www.google.com\/url?hl=es-419&amp;q=https:\/\/www.facebook.com\/Mezzaninecafegourmet\/&amp;source=gmail&amp;ust=1499182280746000&amp;usg=AFQjCNHx7bG6GrZiipWmxfpWu5ZRuzX-DA\" target=\"_blank\" rel=\"noopener\">Mezzanine Caf\u00e9 Gourmet<\/a><\/p>\n<p>Te esperamos.<\/p>\n","protected":false},"excerpt":{"rendered":"<p>D\u00eda:\u00a0Lunes 03 de Julio Hora: 17:00 hrs. Tenemos el agrado de invitarle al Conversatorio \u201cAvances y desaf\u00edos del sector cafetalero<\/p>\n","protected":false},"author":2,"featured_media":4630,"comment_status":"open","ping_status":"open","sticky":false,"template":"","format":"standard","meta":{"colormag_page_container_layout":"default_layout","colormag_page_sidebar_layout":"default_layout","footnotes":""},"categories":[2,3],"tags":[],"class_list":["post-4629","post","type-post","status-publish","format-standard","has-post-thumbnail","hentry","category-eventos","category-lifestyle"],"_links":{"self":[{"href":"https:\/\/lacuevadedominguez.net.pe\/index.php\/wp-json\/wp\/v2\/posts\/4629","targetHints":{"allow":["GET"]}}],"collection":[{"href":"https:\/\/lacuevadedominguez.net.pe\/index.php\/wp-json\/wp\/v2\/posts"}],"about":[{"href":"https:\/\/lacuevadedominguez.net.pe\/index.php\/wp-json\/wp\/v2\/types\/post"}],"author":[{"embeddable":true,"href":"https:\/\/lacuevadedominguez.net.pe\/index.php\/wp-json\/wp\/v2\/users\/2"}],"replies":[{"embeddable":true,"href":"https:\/\/lacuevadedominguez.net.pe\/index.php\/wp-json\/wp\/v2\/comments?post=4629"}],"version-history":[{"count":0,"href":"https:\/\/lacuevadedominguez.net.pe\/index.php\/wp-json\/wp\/v2\/posts\/4629\/revisions"}],"wp:featuredmedia":[{"embeddable":true,"href":"https:\/\/lacuevadedominguez.net.pe\/index.php\/wp-json\/wp\/v2\/media\/4630"}],"wp:attachment":[{"href":"https:\/\/lacuevadedominguez.net.pe\/index.php\/wp-json\/wp\/v2\/media?parent=4629"}],"wp:term":[{"taxonomy":"category","embeddable":true,"href":"https:\/\/lacuevadedominguez.net.pe\/index.php\/wp-json\/wp\/v2\/categories?post=4629"},{"taxonomy":"post_tag","embeddable":true,"href":"https:\/\/lacuevadedominguez.net.pe\/index.php\/wp-json\/wp\/v2\/tags?post=4629"}],"curies":[{"name":"wp","href":"https:\/\/api.w.org\/{rel}","templated":true}]}}