{"id":4868,"date":"2017-08-07T10:59:50","date_gmt":"2017-08-07T15:59:50","guid":{"rendered":"http:\/\/lacuevadedominguez.com\/es\/?p=4868"},"modified":"2017-08-07T10:59:50","modified_gmt":"2017-08-07T15:59:50","slug":"primera-edicion-de-la-fit-lima-genera-importante-expectativa-en-el-sector","status":"publish","type":"post","link":"https:\/\/lacuevadedominguez.net.pe\/index.php\/2017\/08\/07\/primera-edicion-de-la-fit-lima-genera-importante-expectativa-en-el-sector\/","title":{"rendered":"Primera edici\u00f3n de la FIT LIMA genera expectativa en el sector"},"content":{"rendered":"<p class=\"m_7374608480133940218m_-956353603793305850gmail-MsoNoSpacing\">El Presidente del Bur\u00f3 de Convenciones y Visitantes de Lima, Carlos Canales Anchorena estim\u00f3 que la <strong>I Feria Internacional de Turismo del Pac\u00edfico (FITP) y la I Feria Internacional de Turismo de Lima (FIT LIMA)<\/strong> destinadas a ser la m\u00e1s importante del Per\u00fa y del Pac\u00edfico Sur, dejar\u00e1n compromisos de negocios ascendentes a unos US$3.0 millones de d\u00f3lares.<\/p>\n<p class=\"m_7374608480133940218m_-956353603793305850gmail-MsoNoSpacing\">Afirm\u00f3 que ambos eventos buscan a convertirse en una puerta abierta al gran mercado consumidor peruano y de toda la regi\u00f3n. \u00a0En su primera edici\u00f3n, la <strong>FIT Lima se realizar\u00e1 del 26 al 29 de octubre en el Centro de Convenciones El Vivero del Jockey Club,<\/strong> con un \u00e1rea de 6 mil 64m2, donde tendr\u00e1n la oportunidad de conocer las m\u00e1s atractivas ofertas de viajes y podr\u00e1n comprar directamente a proveedores con grandes descuentos y hacer negocios entre empresarios.<\/p>\n<p class=\"m_7374608480133940218m_-956353603793305850gmail-MsoNoSpacing\">En tanto, la FITP busca la participaci\u00f3n de ciudades, pa\u00edses, regiones y de las empresas del sector turismo.<\/p>\n<p class=\"m_7374608480133940218m_-956353603793305850gmail-MsoNoSpacing\">El titular del Bur\u00f3 de Lima indic\u00f3 que este encuentro internacional reunir\u00e1 las principales actividades tur\u00edsticas de car\u00e1cter vacacional hasta sectores m\u00e1s espec\u00edficos como los de negocios y de lujo. \u00a0\u201cNuestra estimaci\u00f3n inicial es que se generen negocios y ventas por US$3.0 millones de \u00a0d\u00f3lares, en productos y servicios tur\u00edsticos nacionales e internacionales\u201d, sostuvo Canales Anchorena.<\/p>\n<p class=\"m_7374608480133940218m_-956353603793305850gmail-MsoNoSpacing\">Agreg\u00f3 que se espera una concurrencia de unas 20 mil personas que podr\u00e1n hacer uso de su billetera electr\u00f3nica dise\u00f1ada por Alignet que es la empresa especializada en proveer soluciones tecnol\u00f3gicas en el sector de negocios electr\u00f3nicos y medios de pago a fin de facilitar las transacciones dentro de la feria.<\/p>\n<p class=\"m_7374608480133940218m_-956353603793305850gmail-MsoNoSpacing\">Sobre el formato integral de la feria, Canales Anchorena afirm\u00f3 que ser\u00e1 de suma \u00a0satisfacci\u00f3n para todos los asistentes y expositores donde habr\u00e1 <strong>comercializaci\u00f3n b2b (negocio entre empresas) y b2c (negocio al consumidor)<\/strong> acompa\u00f1ada de <strong>entretenimiento, \u00a0gastronom\u00eda y degustaci\u00f3n de bebidas convirtiendo la visita en una experiencia \u00fanica con ofertas de viajes a precios extraordinarios.<\/strong><\/p>\n<p class=\"m_7374608480133940218m_-956353603793305850gmail-MsoNoSpacing\">En la actualidad, Canales Anchorena inform\u00f3 que se est\u00e1 trabajando muy fuerte en la \u00a0parte comercial para cumplir con la meta de llegar al 100% de su total capacidad y \u201choy estamos al 70% en lo referente al n\u00famero de participantes\u201d.<\/p>\n<p class=\"m_7374608480133940218m_-956353603793305850gmail-MsoNoSpacing\">\u201cLo importante, es que los expositores y los visitantes se sientan satisfechos con los resultados y all\u00ed podremos decir misi\u00f3n cumplida. La primera versi\u00f3n de una feria es siempre complicada, estamos haciendo todos los esfuerzos para llegar al \u00e9xito\u201d, recalc\u00f3 el titular del Bur\u00f3 de Lima. \u00a0Para el acto inaugural, se invitar\u00e1 a las autoridades del Poder Ejecutivo, Poder Legislativo y Sector Empresarial vinculado al sector turismo.<\/p>\n<p class=\"m_7374608480133940218m_-956353603793305850gmail-MsoNoSpacing\">Al ser consultado sobre alg\u00fan invitado empresarial de renombre que haya confirmado su asistencia, manifest\u00f3 que <strong>\u201cnuestro invitado especial y destino internacional para la primera edici\u00f3n ser\u00e1n EMBRATUR y DESCUBRA BRASIL\u201d.<\/strong><\/p>\n<p class=\"m_7374608480133940218m_-956353603793305850gmail-MsoNoSpacing\">Finalmente,\u00a0 <strong>Canales Anchorena agreg\u00f3 que el invitado especial para Turismo Interno ser\u00e1 PROMPERU.<\/strong><\/p>\n<p class=\"m_7374608480133940218m_-956353603793305850gmail-MsoNoSpacing\">Cabe informar que entre las grandes empresas que han confirmado su participaci\u00f3n Latam, Avianca, American Reps, KLM \/ Air France, Air Europa, Melia, Decamer\u00f3n, Despegar, Aerol\u00edneas Argentinas, Hoteles Estelar, Costa del Sol, Euro Assistance, \u00a0\u00a0Dematur y Civa Buses, entre otros.<\/p>\n","protected":false},"excerpt":{"rendered":"<p>El Presidente del Bur\u00f3 de Convenciones y Visitantes de Lima, Carlos Canales Anchorena estim\u00f3 que la I Feria Internacional de<\/p>\n","protected":false},"author":2,"featured_media":4869,"comment_status":"open","ping_status":"open","sticky":false,"template":"","format":"standard","meta":{"colormag_page_container_layout":"default_layout","colormag_page_sidebar_layout":"default_layout","footnotes":""},"categories":[2,5,11],"tags":[],"class_list":["post-4868","post","type-post","status-publish","format-standard","has-post-thumbnail","hentry","category-eventos","category-recomendados","category-turismo"],"_links":{"self":[{"href":"https:\/\/lacuevadedominguez.net.pe\/index.php\/wp-json\/wp\/v2\/posts\/4868","targetHints":{"allow":["GET"]}}],"collection":[{"href":"https:\/\/lacuevadedominguez.net.pe\/index.php\/wp-json\/wp\/v2\/posts"}],"about":[{"href":"https:\/\/lacuevadedominguez.net.pe\/index.php\/wp-json\/wp\/v2\/types\/post"}],"author":[{"embeddable":true,"href":"https:\/\/lacuevadedominguez.net.pe\/index.php\/wp-json\/wp\/v2\/users\/2"}],"replies":[{"embeddable":true,"href":"https:\/\/lacuevadedominguez.net.pe\/index.php\/wp-json\/wp\/v2\/comments?post=4868"}],"version-history":[{"count":0,"href":"https:\/\/lacuevadedominguez.net.pe\/index.php\/wp-json\/wp\/v2\/posts\/4868\/revisions"}],"wp:featuredmedia":[{"embeddable":true,"href":"https:\/\/lacuevadedominguez.net.pe\/index.php\/wp-json\/wp\/v2\/media\/4869"}],"wp:attachment":[{"href":"https:\/\/lacuevadedominguez.net.pe\/index.php\/wp-json\/wp\/v2\/media?parent=4868"}],"wp:term":[{"taxonomy":"category","embeddable":true,"href":"https:\/\/lacuevadedominguez.net.pe\/index.php\/wp-json\/wp\/v2\/categories?post=4868"},{"taxonomy":"post_tag","embeddable":true,"href":"https:\/\/lacuevadedominguez.net.pe\/index.php\/wp-json\/wp\/v2\/tags?post=4868"}],"curies":[{"name":"wp","href":"https:\/\/api.w.org\/{rel}","templated":true}]}}