{"id":4953,"date":"2017-09-04T10:04:59","date_gmt":"2017-09-04T15:04:59","guid":{"rendered":"http:\/\/lacuevadedominguez.com\/es\/?p=4953"},"modified":"2017-09-04T10:04:59","modified_gmt":"2017-09-04T15:04:59","slug":"forum-gastronomic-girona-2017-fue-presentado-en-sociedad","status":"publish","type":"post","link":"https:\/\/lacuevadedominguez.net.pe\/index.php\/2017\/09\/04\/forum-gastronomic-girona-2017-fue-presentado-en-sociedad\/","title":{"rendered":"F\u00f2rum Gastron\u00f2mic Girona 2017 fue presentado en sociedad"},"content":{"rendered":"<p>Hoy lunes 4 por la ma\u00f1ana (hora espa\u00f1ola) se realiz\u00f3 la presentaci\u00f3n del <strong>F\u00f2rum Gastron\u00f2mic Girona 2017; <\/strong>en el p\u00fablico estuvieron presentes ponentes, patrocinadores, expositores y prensa especializada.<\/p>\n<p><strong>El Monasterio de Sant Pere de Galligants<\/strong> acogi\u00f3 el acto que cont\u00f3 con las intervenciones de Gl\u00f2ria Plana, 3a teniente de alcaldia del Ayuntamiento de Girona, el vicepresidente de la Diputaci\u00f3 de Girona, Ferm\u00ed Santamaria, <strong>el cocinero Joan Roca, de El Celler de Can Roca, y uno de los codirectores del F\u00f2rum Gastron\u00f2mic, Pep Palau.<\/strong><\/p>\n<p>La ciudad de Girona se prepara para convertirse, una vez m\u00e1s, en referente gastron\u00f3mico con la celebraci\u00f3n del <strong>F\u00f2rum Gastron\u00f2mic del 19 al 21 de noviembre<\/strong>. Tras el \u00e9xito de las \u00faltimas ediciones en Barcelona y Coru\u00f1a, el F\u00f2rum llega a Barcelona con mayor extensi\u00f3n de espacio ferial y con un intenso programa de actividades.<\/p>\n<p>Tras la bienvenida por parte de Gl\u00f2ria Plana, 3\u00aa teniente de alcald\u00eda del Ayuntamiento de Girona, el director de F\u00f2rum Gastron\u00f2mic, Pep Palau, fue el encargado de dar todos los detalles de esta nueva edici\u00f3n.<\/p>\n<p>Palau resalt\u00f3 que esta edici\u00f3n ser\u00e1 la m\u00e1s grande, en todos los sentidos. El evento contar\u00e1 con un 20% m\u00e1s de espacio ferial que en el 2015, con m\u00e1s de 200 empresas participantes y m\u00e1s de 80 ponentes que ofrecer\u00e1n diversas actividades.<\/p>\n<p>Joan Roca, por su parte, agradeci\u00f3 y destac\u00f3 la gran tarea que implica el F\u00f2rum y la importancia que tiene para el sector; a continuaci\u00f3n, Ferm\u00ed Santamaria, vicepresidente de la Diputaci\u00f3 de Girona, afirm\u00f3 que <strong>las comarcas de Girona son una potencia en gastronom\u00eda<\/strong> y que el cartel del F\u00f2rum Gastron\u00f2mic Girona 2017 es una demostraci\u00f3n de ello.<\/p>\n<p><strong>Una Feria con gran trascendencia<\/strong><\/p>\n<p>Este a\u00f1o cabe destacar un importante aumento del espacio ferial que crece un 20% respecto a la pasada edici\u00f3n de F\u00f2rum Gastron\u00f2mic Girona 2015. Este crecimiento aportar\u00e1 al evento m\u00e1s empresas, m\u00e1s novedades y m\u00e1s oportunidades de negocio.<\/p>\n<p>La edici\u00f3n 2017 de F\u00f2rum Gastron\u00f2mic Girona seguir\u00e1 con el mismo modelo que tan exitoso ha resultado, un gran espacio ferial con representantes de los sectores de la distribuci\u00f3n, la producci\u00f3n de alimentos y bebidas, el foodservice o el equipamiento y la maquinaria, entre otros.<\/p>\n<p>En total m\u00e1s de 200 empresas llenar\u00e1n el recinto ferial. De estas, <strong>m\u00e1s de 70 participar\u00e1n por primera vez en el F\u00f2rum <\/strong>demostrando que el evento es un magn\u00edfico escaparate para el sector.<\/p>\n<p>Las restantes son empresas que ya hab\u00edan participado lo que tambi\u00e9n indica el alto grado de fidelidad de los expositores.<\/p>\n","protected":false},"excerpt":{"rendered":"<p>Hoy lunes 4 por la ma\u00f1ana (hora espa\u00f1ola) se realiz\u00f3 la presentaci\u00f3n del F\u00f2rum Gastron\u00f2mic Girona 2017; en el p\u00fablico<\/p>\n","protected":false},"author":2,"featured_media":4954,"comment_status":"open","ping_status":"open","sticky":false,"template":"","format":"standard","meta":{"colormag_page_container_layout":"default_layout","colormag_page_sidebar_layout":"default_layout","footnotes":""},"categories":[2,3,5],"tags":[],"class_list":["post-4953","post","type-post","status-publish","format-standard","has-post-thumbnail","hentry","category-eventos","category-lifestyle","category-recomendados"],"_links":{"self":[{"href":"https:\/\/lacuevadedominguez.net.pe\/index.php\/wp-json\/wp\/v2\/posts\/4953","targetHints":{"allow":["GET"]}}],"collection":[{"href":"https:\/\/lacuevadedominguez.net.pe\/index.php\/wp-json\/wp\/v2\/posts"}],"about":[{"href":"https:\/\/lacuevadedominguez.net.pe\/index.php\/wp-json\/wp\/v2\/types\/post"}],"author":[{"embeddable":true,"href":"https:\/\/lacuevadedominguez.net.pe\/index.php\/wp-json\/wp\/v2\/users\/2"}],"replies":[{"embeddable":true,"href":"https:\/\/lacuevadedominguez.net.pe\/index.php\/wp-json\/wp\/v2\/comments?post=4953"}],"version-history":[{"count":0,"href":"https:\/\/lacuevadedominguez.net.pe\/index.php\/wp-json\/wp\/v2\/posts\/4953\/revisions"}],"wp:featuredmedia":[{"embeddable":true,"href":"https:\/\/lacuevadedominguez.net.pe\/index.php\/wp-json\/wp\/v2\/media\/4954"}],"wp:attachment":[{"href":"https:\/\/lacuevadedominguez.net.pe\/index.php\/wp-json\/wp\/v2\/media?parent=4953"}],"wp:term":[{"taxonomy":"category","embeddable":true,"href":"https:\/\/lacuevadedominguez.net.pe\/index.php\/wp-json\/wp\/v2\/categories?post=4953"},{"taxonomy":"post_tag","embeddable":true,"href":"https:\/\/lacuevadedominguez.net.pe\/index.php\/wp-json\/wp\/v2\/tags?post=4953"}],"curies":[{"name":"wp","href":"https:\/\/api.w.org\/{rel}","templated":true}]}}