{"id":5041,"date":"2017-10-03T10:31:19","date_gmt":"2017-10-03T15:31:19","guid":{"rendered":"http:\/\/lacuevadedominguez.com\/es\/?p=5041"},"modified":"2017-10-03T10:31:19","modified_gmt":"2017-10-03T15:31:19","slug":"paracas-se-prepara-para-recibir-la-cade-2017","status":"publish","type":"post","link":"https:\/\/lacuevadedominguez.net.pe\/index.php\/2017\/10\/03\/paracas-se-prepara-para-recibir-la-cade-2017\/","title":{"rendered":"Paracas se prepara para recibir la CADE 2017"},"content":{"rendered":"<p class=\"m_5195737788271208130m_2568810484396466510gmail-MsoNoSpacing\"><span style=\"color: #000000;\">El balneario de Paracas captar\u00e1 aproximadamente US$6.0 millones de d\u00f3lares en divisas durante el desarrollo de la quincuag\u00e9sima sexta (56\u00b0) edici\u00f3n de la Convenci\u00f3n Anual de Ejecutivos (CADE Ejecutivos 2017), a desarrollarse del 29 de noviembre al 01 de diciembre pr\u00f3ximo, estim\u00f3 el Presidente de la C\u00e1mara de Turismo y Comercio Exterior de Paracas, Eduardo J\u00e1uregui.<\/span><\/p>\n<p class=\"m_5195737788271208130m_2568810484396466510gmail-MsoNoSpacing\"><span style=\"color: #000000;\">\u201cEsa cifra se traduce en el costo del alojamiento, alimentaci\u00f3n, paseos a las Islas Ballestas y Reserva Nacional de Paracas y artesan\u00eda\u201d, sostuvo J\u00e1uregui.<\/span><\/p>\n<p class=\"m_5195737788271208130m_2568810484396466510gmail-MsoNoSpacing\"><span style=\"color: #000000;\">\u00a0<\/span><span style=\"color: #000000;\">Al respecto, adelant\u00f3 que las 2,400 camas que posee los hoteles de todas las categor\u00edas en Paracas estar\u00e1n copadas por los asistentes al magno evento empresarial.<\/span><\/p>\n<p class=\"m_5195737788271208130m_2568810484396466510gmail-MsoNoSpacing\"><span style=\"color: #000000;\">El dirigente empresarial asegur\u00f3 que no habr\u00e1 necesidad para los asistentes al foro empresarial en alojarse en Chincha, Pisco o Ica, debido a que Paracas ya tiene nuevos y c\u00f3modos hoteles que albergar\u00e1n a los 2,000 asistentes.<\/span><\/p>\n<p class=\"m_5195737788271208130m_2568810484396466510gmail-MsoNoSpacing\"><span style=\"color: #000000;\">Asimismo, el titular de CAPATUR agradeci\u00f3 a los organizadores del CADE Ejecutivos 2017 por la confianza depositada en Paracas \u201cdonde se respira aire puro y abierta a las inversiones\u201d.<\/span><\/p>\n<p class=\"m_5195737788271208130m_2568810484396466510gmail-MsoNoSpacing\"><span style=\"color: #000000;\">\u201cParacas es un escenario perfecto para este tipo de actividad en la m\u00e1s absoluta tranquilidad y paz como es la brisa marina\u201d, recalc\u00f3.<\/span><\/p>\n<p class=\"m_5195737788271208130m_2568810484396466510gmail-MsoNoSpacing\"><span style=\"color: #000000;\">\u00a0<\/span><b><span style=\"color: #000000;\">Inversi\u00f3n hotelera contin\u00faa<\/span><\/b><\/p>\n<p class=\"m_5195737788271208130m_2568810484396466510gmail-MsoNoSpacing\"><span style=\"color: #000000;\">\u00a0<\/span><span style=\"color: #000000;\">De otra parte, J\u00e1uregui revel\u00f3 que dos franquicias hoteleras provenientes de los Estados Unidos han mostrado sumo inter\u00e9s en Paracas.\u00a0<\/span><span style=\"color: #000000;\">Precis\u00f3 que una de ellas ya opera en nuestra ciudad capital y asegur\u00f3 que antes del bicentenario de nuestra independencia deben haber iniciado la construcci\u00f3n de sus respectivas marcas hoteleras en Paracas.<\/span><\/p>\n<p class=\"m_5195737788271208130m_2568810484396466510gmail-MsoNoSpacing\"><span style=\"color: #000000;\">El titular de CAPATUR\u00a0 agreg\u00f3 que hay peque\u00f1os inversionistas locales que vienen construyendo m\u00e1s de media docena de hoteles de 20 habitaciones en la zona de El Chaco.<\/span><\/p>\n","protected":false},"excerpt":{"rendered":"<p>El balneario de Paracas captar\u00e1 aproximadamente US$6.0 millones de d\u00f3lares en divisas durante el desarrollo de la quincuag\u00e9sima sexta (56\u00b0)<\/p>\n","protected":false},"author":2,"featured_media":5042,"comment_status":"open","ping_status":"open","sticky":false,"template":"","format":"standard","meta":{"colormag_page_container_layout":"default_layout","colormag_page_sidebar_layout":"default_layout","footnotes":""},"categories":[13,2],"tags":[],"class_list":["post-5041","post","type-post","status-publish","format-standard","has-post-thumbnail","hentry","category-destinos","category-eventos"],"_links":{"self":[{"href":"https:\/\/lacuevadedominguez.net.pe\/index.php\/wp-json\/wp\/v2\/posts\/5041","targetHints":{"allow":["GET"]}}],"collection":[{"href":"https:\/\/lacuevadedominguez.net.pe\/index.php\/wp-json\/wp\/v2\/posts"}],"about":[{"href":"https:\/\/lacuevadedominguez.net.pe\/index.php\/wp-json\/wp\/v2\/types\/post"}],"author":[{"embeddable":true,"href":"https:\/\/lacuevadedominguez.net.pe\/index.php\/wp-json\/wp\/v2\/users\/2"}],"replies":[{"embeddable":true,"href":"https:\/\/lacuevadedominguez.net.pe\/index.php\/wp-json\/wp\/v2\/comments?post=5041"}],"version-history":[{"count":0,"href":"https:\/\/lacuevadedominguez.net.pe\/index.php\/wp-json\/wp\/v2\/posts\/5041\/revisions"}],"wp:featuredmedia":[{"embeddable":true,"href":"https:\/\/lacuevadedominguez.net.pe\/index.php\/wp-json\/wp\/v2\/media\/5042"}],"wp:attachment":[{"href":"https:\/\/lacuevadedominguez.net.pe\/index.php\/wp-json\/wp\/v2\/media?parent=5041"}],"wp:term":[{"taxonomy":"category","embeddable":true,"href":"https:\/\/lacuevadedominguez.net.pe\/index.php\/wp-json\/wp\/v2\/categories?post=5041"},{"taxonomy":"post_tag","embeddable":true,"href":"https:\/\/lacuevadedominguez.net.pe\/index.php\/wp-json\/wp\/v2\/tags?post=5041"}],"curies":[{"name":"wp","href":"https:\/\/api.w.org\/{rel}","templated":true}]}}