{"id":5167,"date":"2017-10-31T13:10:33","date_gmt":"2017-10-31T18:10:33","guid":{"rendered":"http:\/\/lacuevadedominguez.com\/es\/?p=5167"},"modified":"2017-10-31T13:10:33","modified_gmt":"2017-10-31T18:10:33","slug":"lima-montreal-en-vuelo-directo-con-air-canada","status":"publish","type":"post","link":"https:\/\/lacuevadedominguez.net.pe\/index.php\/2017\/10\/31\/lima-montreal-en-vuelo-directo-con-air-canada\/","title":{"rendered":"Lima \/ Montreal en vuelo directo con Air Canada"},"content":{"rendered":"<p>En presencia de los embajadores de Per\u00fa en Canad\u00e1, Mart\u00edn Vizcarra y su hom\u00f3loga de Canad\u00e1 en Per\u00fa, Gwyneth Kutz, <strong>Air Canada inaugur\u00f3 oficialmente la nueva ruta directa Lima Montreal<\/strong>. Fue durante un c\u00f3ctel en el que tambi\u00e9n estuvieron presentes Alfredo Babun, gerente general de Air Canada para Colombia, Chile, Per\u00fa, Ecuador y Venezuela y la gerente de ventas, Patricia L\u00facar, quienes dieron detalles del pr\u00f3ximo destino cuyo vuelo iniciar\u00e1 el 17 de diciembre de este a\u00f1o.<\/p>\n<p>Para Alfredo Babun, la nueva ruta Lima Montreal permitir\u00e1 que en apenas \u201cocho horas de vuelo -directo y sin escalas- se pueda llegar a Montreal, y de all\u00ed, seg\u00fan opciones y necesidades, puedan hacerse trasbordos a otros pa\u00edses del mundo\u201d.<\/p>\n<p>Indic\u00f3 que \u201ccubrir la ruta directa Lima Montreal permitir\u00e1 un ahorro de tiempo, con las facilidades que esto representa para quienes buscan, adem\u00e1s, la comodidad de una excelente atenci\u00f3n a bordo\u201d. Precis\u00f3 que el servicio ser\u00e1 cubierto con el producto Air Canada Rouge.<\/p>\n<p>A su turno, Patricia L\u00facar, Gerente de Ventas de Air Canad\u00e1, dijo que la nueva ruta representa muchas oportunidades y m\u00e1s posibilidades. \u201cNos permitir\u00e1 estar m\u00e1s integrados, ser m\u00e1s competitivos y potenciar el desarrollo tur\u00edstico, productivo e industrial entre ambos pa\u00edses como son Per\u00fa y Canad\u00e1\u201d, puntualiz\u00f3.<\/p>\n","protected":false},"excerpt":{"rendered":"<p>En presencia de los embajadores de Per\u00fa en Canad\u00e1, Mart\u00edn Vizcarra y su hom\u00f3loga de Canad\u00e1 en Per\u00fa, Gwyneth Kutz,<\/p>\n","protected":false},"author":2,"featured_media":5168,"comment_status":"open","ping_status":"open","sticky":false,"template":"","format":"standard","meta":{"colormag_page_container_layout":"default_layout","colormag_page_sidebar_layout":"default_layout","footnotes":""},"categories":[2,11],"tags":[],"class_list":["post-5167","post","type-post","status-publish","format-standard","has-post-thumbnail","hentry","category-eventos","category-turismo"],"_links":{"self":[{"href":"https:\/\/lacuevadedominguez.net.pe\/index.php\/wp-json\/wp\/v2\/posts\/5167","targetHints":{"allow":["GET"]}}],"collection":[{"href":"https:\/\/lacuevadedominguez.net.pe\/index.php\/wp-json\/wp\/v2\/posts"}],"about":[{"href":"https:\/\/lacuevadedominguez.net.pe\/index.php\/wp-json\/wp\/v2\/types\/post"}],"author":[{"embeddable":true,"href":"https:\/\/lacuevadedominguez.net.pe\/index.php\/wp-json\/wp\/v2\/users\/2"}],"replies":[{"embeddable":true,"href":"https:\/\/lacuevadedominguez.net.pe\/index.php\/wp-json\/wp\/v2\/comments?post=5167"}],"version-history":[{"count":0,"href":"https:\/\/lacuevadedominguez.net.pe\/index.php\/wp-json\/wp\/v2\/posts\/5167\/revisions"}],"wp:featuredmedia":[{"embeddable":true,"href":"https:\/\/lacuevadedominguez.net.pe\/index.php\/wp-json\/wp\/v2\/media\/5168"}],"wp:attachment":[{"href":"https:\/\/lacuevadedominguez.net.pe\/index.php\/wp-json\/wp\/v2\/media?parent=5167"}],"wp:term":[{"taxonomy":"category","embeddable":true,"href":"https:\/\/lacuevadedominguez.net.pe\/index.php\/wp-json\/wp\/v2\/categories?post=5167"},{"taxonomy":"post_tag","embeddable":true,"href":"https:\/\/lacuevadedominguez.net.pe\/index.php\/wp-json\/wp\/v2\/tags?post=5167"}],"curies":[{"name":"wp","href":"https:\/\/api.w.org\/{rel}","templated":true}]}}