{"id":5641,"date":"2018-01-22T12:06:01","date_gmt":"2018-01-22T17:06:01","guid":{"rendered":"http:\/\/lacuevadedominguez.com\/es\/?p=5641"},"modified":"2018-01-22T12:06:01","modified_gmt":"2018-01-22T17:06:01","slug":"la-habana-capital-iberoamericana-de-la-cocteleria-2018","status":"publish","type":"post","link":"https:\/\/lacuevadedominguez.net.pe\/index.php\/2018\/01\/22\/la-habana-capital-iberoamericana-de-la-cocteleria-2018\/","title":{"rendered":"La Habana, Capital Iberoamericana de la Cocteler\u00eda 2018"},"content":{"rendered":"<h4>*Entrevista de <em>Excelencias Gourmet<\/em> a\u00a0Rafael Ans\u00f3n, presidente de la Academia Iberoamericana de Gastronom\u00eda, en el marco de la FITUR<\/h4>\n<h4><strong>\u00bfQu\u00e9 es la Capitalidad Iberoamericana de la Cocteler\u00eda?<\/strong><\/h4>\n<p>Hace unos a\u00f1os, la Academia Iberoamericana de Gastronom\u00eda cre\u00f3 la denominaci\u00f3n de Capital Iberoamericana de la Cultura Gastron\u00f3mica. Primero fue C\u00f3rdoba (Espa\u00f1a), luego Guanajuato (M\u00e9xico), despu\u00e9s M\u00e9rida (Espa\u00f1a) y Buenos Aires (Argentina), en 2017. En 2018 ser\u00e1 Sao Paulo, en 2019 Miami y en 2020 Madrid.<br \/>\n\u201cEn paralelo, pensamos que ser\u00eda bueno crear otras Capitalidades, incluso por temas. As\u00ed naci\u00f3 la Capital de la Cultura Gastron\u00f3mica del Caribe y, \u00faltimamente, la Capital Iberoamericana de la Cocteler\u00eda\u201d.<\/p>\n<h4><strong>\u00bfPor qu\u00e9 es tan importante reconocer la cocteler\u00eda en el marco iberoamericano?<\/strong><\/h4>\n<p>El mundo iberoamericano tiene la mejor oferta gastron\u00f3mica del mundo, desde el punto de vista de la materia prima, de alimentos y bebidas, de recetas tradicionales, de cultura gastron\u00f3mica, restaurantes, mercados y, sobre todo, de la forma y modo de comer y entender la gastronom\u00eda.<\/p>\n<p>\u201cEn ese marco, la cocteler\u00eda ocupa un papel muy importante, quiz\u00e1s porque Iberoam\u00e9rica tiene algunos de los mejores destilados, que son la base de c\u00f3cteles y combinaciones extraordinariamente atractivos\u00bb.<\/p>\n<p>\u201cEs verdad que, en cierta medida, el origen y la importancia de los c\u00f3cteles tuvieron lugar en Estados Unidos pero, poco a poco, se ha ido extendiendo por toda Iberoam\u00e9rica y, de ah\u00ed, por el resto del mundo\u00bb.<\/p>\n<p>\u201cEs cierto que, hoy d\u00eda, se siguen tomando gin &amp; tonic, whisky o ginebra, pero cada vez son m\u00e1s conocidos los pisco sour, las margaritas, los mojitos, las caipirinhas o los daiquir\u00eds\u201d.<\/p>\n<h4><strong>\u00bfPor qu\u00e9 La Habana?<\/strong><\/h4>\n<p>La Habana, en gran medida por los norteamericanos, fue durante mucho tiempo el para\u00edso de la cocteler\u00eda. De hecho, as\u00ed lo pusieron de relieve personajes como Hemingway (cuya escultura engalana la barra de Floridita, en la capital cubana).<\/p>\n<p>\u201cDesde siempre, el viaje a La Habana inclu\u00eda la posibilidad de tomar alg\u00fan tipo de c\u00f3ctel relacionado con ese producto maravilloso que es el ron, en especial el cubano. Por tanto, cuando pensamos en un lugar de Iberoam\u00e9rica donde pudiera llevarse a cabo la primera Capital Iberoamericana de la Cocteler\u00eda, lo l\u00f3gico era que fuera La Habana\u201d.<\/p>\n<h4><strong>\u00bfQu\u00e9 implica para una ciudad ser reconocida como Capital Iberoamericana de la Cocteler\u00eda?<\/strong><\/h4>\n<p>La designaci\u00f3n como Capital Iberoamericana de la Cocteler\u00eda debe permitir que, durante un a\u00f1o, todo el mundo mire a La Habana para ver las actividades que se lleven a cabo en relaci\u00f3n con los diferentes aspectos que abarca la cocteler\u00eda. Ahora lo importante es establecer un programa de actividades muy atractivo, lo suficiente como para que tenga eco medi\u00e1tico y, muy especialmente, impacto en redes sociales.<\/p>\n<h4><strong>\u00bfC\u00f3mo puede o debe una ciudad aprovechar su Capitalidad?<\/strong><\/h4>\n<p>Es obvio que la ciudad debe que tomar la iniciativa y plantear un calendario de acciones importantes en el marco de su designaci\u00f3n como\u00a0Capital Iberoamericana de la Cocteler\u00eda. Naturalmente, buscando financiaci\u00f3n privada para los diferentes proyectos y contando con el apoyo p\u00fablico y medi\u00e1tico.<\/p>\n<p>&nbsp;<\/p>\n<p>Entrevista tomada de\u00a0<em>gourmetnew.grupoexcelencias.com<\/em><\/p>\n<p>&nbsp;<\/p>\n<p>&nbsp;<\/p>\n","protected":false},"excerpt":{"rendered":"<p>*Entrevista de Excelencias Gourmet a\u00a0Rafael Ans\u00f3n, presidente de la Academia Iberoamericana de Gastronom\u00eda, en el marco de la FITUR \u00bfQu\u00e9<\/p>\n","protected":false},"author":2,"featured_media":5642,"comment_status":"open","ping_status":"open","sticky":false,"template":"","format":"standard","meta":{"colormag_page_container_layout":"default_layout","colormag_page_sidebar_layout":"default_layout","footnotes":""},"categories":[13,3,11],"tags":[],"class_list":["post-5641","post","type-post","status-publish","format-standard","has-post-thumbnail","hentry","category-destinos","category-lifestyle","category-turismo"],"_links":{"self":[{"href":"https:\/\/lacuevadedominguez.net.pe\/index.php\/wp-json\/wp\/v2\/posts\/5641","targetHints":{"allow":["GET"]}}],"collection":[{"href":"https:\/\/lacuevadedominguez.net.pe\/index.php\/wp-json\/wp\/v2\/posts"}],"about":[{"href":"https:\/\/lacuevadedominguez.net.pe\/index.php\/wp-json\/wp\/v2\/types\/post"}],"author":[{"embeddable":true,"href":"https:\/\/lacuevadedominguez.net.pe\/index.php\/wp-json\/wp\/v2\/users\/2"}],"replies":[{"embeddable":true,"href":"https:\/\/lacuevadedominguez.net.pe\/index.php\/wp-json\/wp\/v2\/comments?post=5641"}],"version-history":[{"count":0,"href":"https:\/\/lacuevadedominguez.net.pe\/index.php\/wp-json\/wp\/v2\/posts\/5641\/revisions"}],"wp:featuredmedia":[{"embeddable":true,"href":"https:\/\/lacuevadedominguez.net.pe\/index.php\/wp-json\/wp\/v2\/media\/5642"}],"wp:attachment":[{"href":"https:\/\/lacuevadedominguez.net.pe\/index.php\/wp-json\/wp\/v2\/media?parent=5641"}],"wp:term":[{"taxonomy":"category","embeddable":true,"href":"https:\/\/lacuevadedominguez.net.pe\/index.php\/wp-json\/wp\/v2\/categories?post=5641"},{"taxonomy":"post_tag","embeddable":true,"href":"https:\/\/lacuevadedominguez.net.pe\/index.php\/wp-json\/wp\/v2\/tags?post=5641"}],"curies":[{"name":"wp","href":"https:\/\/api.w.org\/{rel}","templated":true}]}}