{"id":5688,"date":"2018-02-05T08:56:29","date_gmt":"2018-02-05T08:56:29","guid":{"rendered":"http:\/\/lacuevadedominguez.com\/es\/?p=5688"},"modified":"2018-05-29T21:45:09","modified_gmt":"2018-05-29T21:45:09","slug":"carnavales-del-peru-se-ofrecen-en-atractivos-paquetes-turisticos","status":"publish","type":"post","link":"https:\/\/lacuevadedominguez.net.pe\/index.php\/2018\/02\/05\/carnavales-del-peru-se-ofrecen-en-atractivos-paquetes-turisticos\/","title":{"rendered":"Carnavales del Per\u00fa se ofrecen en atractivos paquetes tur\u00edsticos"},"content":{"rendered":"<p style=\"font-weight: 400;\">Los carnavales regionales son manifestaciones culturales de nuestro pa\u00eds y llenan de\u00a0color y alegr\u00eda todas\u00a0las regiones del Per\u00fa durante los meses de febrero y marzo, dando la oportunidad a cientos de peruanos de recorrer nuestros incre\u00edbles paisajes y conocer la creatividad de los pueblos anfitriones.<\/p>\n<p style=\"font-weight: 400;\">Por ello, y a manera de incentivar los viajes a nivel nacional, PROMPER\u00da pone a disposici\u00f3n del p\u00fablico m\u00e1s de 100 paquetes de viaje en la plataforma\u00a0<a href=\"http:\/\/www.ytuqueplanes.com\/\" data-saferedirecturl=\"https:\/\/www.google.com\/url?hl=es-419&amp;q=http:\/\/www.ytuqueplanes.com&amp;source=gmail&amp;ust=1517848496016000&amp;usg=AFQjCNE0bx89nFEQLYGcY4Z8RIbtNCenEQ\" target=\"_blank\" rel=\"noopener\">www.ytuqueplanes.com<\/a>. Algunos de ellos dise\u00f1ados espec\u00edficamente para vivir al m\u00e1ximo las fiestas carnavalescas, que se llevar\u00e1n a cabo en regiones como Apur\u00edmac, Ayacucho, Cajamarca y Tacna, entre otras.<\/p>\n<p style=\"font-weight: 400;\">La mencionada plataforma pone a disposici\u00f3n promociones de viaje a C<strong>ajamarca, Capital del Carnaval Peruano, que celebra esta edici\u00f3n del 10 al 14 de febrero, desde 249 soles<\/strong> e incluye traslados en la ciudad, dos noches de alojamiento, guiado, participaci\u00f3n en las actividades del carnaval y visita a atractivos representativos de la regi\u00f3n, como las ventanillas de Otuzco y los Ba\u00f1os del Inca.<\/p>\n<p style=\"font-weight: 400;\">Para quienes deseen experimentar los carnavales en el sur del pa\u00eds, la oferta tur\u00edstica es amplia. <strong>El carnaval ayacuchano, considerado uno de los m\u00e1s coloridos del Per\u00fa y declarado Patrimonio Cultural de la Naci\u00f3n,<\/strong> se celebra del 10 al 14 de febrero con comparsas, canciones sat\u00edricas, festival gastron\u00f3mico y m\u00e1s. Este destino presenta ofertas desde 395 soles, que incluye traslados en la ciudad, dos noches de alojamiento y tours a principales atractivos de la regi\u00f3n.<\/p>\n<p style=\"font-weight: 400;\">Por su lado, <strong>Apur\u00edmac cuenta con dos importantes celebraciones. Por un lado, se lucir\u00e1 del 8 al 11 de febrero con el carnaval abanquino, fiesta que fortalece la identidad regional. Por otro, del 7 al 10 de marzo se realizar\u00e1 el carnaval andahuaylino o Pukllay,<\/strong> evento que ratifica a la milenaria cultura andina. Se pueden encontrar paquetes de viaje para esta regi\u00f3n desde 468 soles, que incluye traslados en la ciudad, cuatro noches de alojamiento y visita a principales atractivos, como Sondor y la laguna Pacucha.<\/p>\n<p style=\"font-weight: 400;\">Asimismo, otra opci\u00f3n interesante es el <strong>Gran Remate del Carnaval de Tacna,<\/strong> como se denomina al carnaval tacne\u00f1o, que promueve y difunde las danzas tradicionales de su regi\u00f3n: Las Anatas, Wifalas, Tarkadas, La edici\u00f3n de este a\u00f1o tiene como fechas centrales los d\u00edas <strong>17 y 18 de marzo.<\/strong><\/p>\n<p style=\"font-weight: 400;\">Cabe resaltar que otras regiones como Hu\u00e1nuco, Loreto y Ucayali tambi\u00e9n figuran dentro de esta gama de ofertas, dise\u00f1adas a prop\u00f3sito de los carnavales del Per\u00fa, que permiten disfrutar lo que cada una de las regiones tiene para ofrecer.<\/p>\n<p style=\"font-weight: 400;\">Como se recuerda, la campa\u00f1a de promoci\u00f3n del turismo interno <strong>\u00bfY t\u00fa, qu\u00e9 planes? busca crear una cultura de viaje en los peruanos, promover la<em>\u00a0<\/em>diversificaci\u00f3n de destinos tur\u00edsticos e incentivar los viajes interregionales;<\/strong> en esta oportunidad, en el marco de los carnavales regionales, considerados movilizadores de viaje.<\/p>\n","protected":false},"excerpt":{"rendered":"<p>Los carnavales regionales son manifestaciones culturales de nuestro pa\u00eds y llenan de\u00a0color y alegr\u00eda todas\u00a0las regiones del Per\u00fa durante los<\/p>\n","protected":false},"author":2,"featured_media":5690,"comment_status":"open","ping_status":"open","sticky":false,"template":"","format":"standard","meta":{"colormag_page_container_layout":"default_layout","colormag_page_sidebar_layout":"default_layout","footnotes":""},"categories":[5],"tags":[],"class_list":["post-5688","post","type-post","status-publish","format-standard","has-post-thumbnail","hentry","category-recomendados"],"_links":{"self":[{"href":"https:\/\/lacuevadedominguez.net.pe\/index.php\/wp-json\/wp\/v2\/posts\/5688","targetHints":{"allow":["GET"]}}],"collection":[{"href":"https:\/\/lacuevadedominguez.net.pe\/index.php\/wp-json\/wp\/v2\/posts"}],"about":[{"href":"https:\/\/lacuevadedominguez.net.pe\/index.php\/wp-json\/wp\/v2\/types\/post"}],"author":[{"embeddable":true,"href":"https:\/\/lacuevadedominguez.net.pe\/index.php\/wp-json\/wp\/v2\/users\/2"}],"replies":[{"embeddable":true,"href":"https:\/\/lacuevadedominguez.net.pe\/index.php\/wp-json\/wp\/v2\/comments?post=5688"}],"version-history":[{"count":1,"href":"https:\/\/lacuevadedominguez.net.pe\/index.php\/wp-json\/wp\/v2\/posts\/5688\/revisions"}],"predecessor-version":[{"id":6333,"href":"https:\/\/lacuevadedominguez.net.pe\/index.php\/wp-json\/wp\/v2\/posts\/5688\/revisions\/6333"}],"wp:featuredmedia":[{"embeddable":true,"href":"https:\/\/lacuevadedominguez.net.pe\/index.php\/wp-json\/wp\/v2\/media\/5690"}],"wp:attachment":[{"href":"https:\/\/lacuevadedominguez.net.pe\/index.php\/wp-json\/wp\/v2\/media?parent=5688"}],"wp:term":[{"taxonomy":"category","embeddable":true,"href":"https:\/\/lacuevadedominguez.net.pe\/index.php\/wp-json\/wp\/v2\/categories?post=5688"},{"taxonomy":"post_tag","embeddable":true,"href":"https:\/\/lacuevadedominguez.net.pe\/index.php\/wp-json\/wp\/v2\/tags?post=5688"}],"curies":[{"name":"wp","href":"https:\/\/api.w.org\/{rel}","templated":true}]}}