{"id":5821,"date":"2018-03-21T10:31:29","date_gmt":"2018-03-21T10:31:29","guid":{"rendered":"http:\/\/lacuevadedominguez.com\/es\/?p=5821"},"modified":"2018-05-29T22:25:52","modified_gmt":"2018-05-29T22:25:52","slug":"santuario-nacional-lagunas-de-mejia-en-arequipa-una-interesante-opcion-turistica","status":"publish","type":"post","link":"https:\/\/lacuevadedominguez.net.pe\/index.php\/2018\/03\/21\/santuario-nacional-lagunas-de-mejia-en-arequipa-una-interesante-opcion-turistica\/","title":{"rendered":"Santuario Nacional Lagunas de Mej\u00eda en Arequipa, una interesante opci\u00f3n tur\u00edstica"},"content":{"rendered":"<p style=\"font-weight: 400;\">Un nuevo motivo para no dejar de visitar el Santuario Nacional Lagunas de Mej\u00eda. En el marco de la celebraci\u00f3n por el 34 aniversario de esta \u00e1rea natural protegida de la regi\u00f3n Arequipa, el Servicio Nacional de \u00c1reas Naturales Protegidas por el Estado (SERNANP) coloc\u00f3 la primera piedra del que ser\u00e1 el nuevo Centro de Visitantes del Santuario.<\/p>\n<p style=\"font-weight: 400;\">Esta nueva infraestructura representar\u00e1 el punto de inicio del circuito tur\u00edstico del Santuario Lagunas de Mej\u00eda en donde guardaparques y voluntarios del \u00e1rea protegida brindar\u00e1n informaci\u00f3n a los visitantes sobre las rutas autorizadas, principales atractivos tur\u00edsticos, actividades a realizar, entre otros. Para ello, este Centro de Visitantes contar\u00e1 con una sala de exposici\u00f3n en la que tambi\u00e9n se destacar\u00e1 la rica biodiversidad que se conserva en esta \u00e1rea protegida.<\/p>\n<p style=\"font-weight: 400;\">Este nuevo Centro de Visitantes estar\u00e1 ubicado en el km 33 de la carretera Panamericana, entre Mej\u00eda y la Curva en el distrito de De\u00e1n Valdivia. Esta construcci\u00f3n ser\u00e1 utilizada tambi\u00e9n como puesto de vigilancia y sede administrativa de la jefatura del Santuario.<\/p>\n<p style=\"font-weight: 400;\"><strong><em>Festival de las Aves Migratorias<\/em><\/strong><\/p>\n<p style=\"font-weight: 400;\">Asimismo, la celebraci\u00f3n por aniversario fue el motivo perfecto para dar a conocer la valiosa diversidad de especies de fauna silvestre que se conserva en esta \u00e1rea protegida. Es as\u00ed que <strong>se llev\u00f3 a cabo el \u201cV Festival de las Aves Migratorias \u2013 El Boquer\u00f3n 2018\u201d<\/strong>.<\/p>\n<p style=\"font-weight: 400;\">El poblado de El Boquer\u00f3n fue escenario de este evento en el que participaron autoridades y pobladores locales y del distrito de De\u00e1n Valdivia. La actividad tuvo como objetivo adem\u00e1s promover actividades de recreaci\u00f3n compatibles con la conservaci\u00f3n del Santuario como la observaci\u00f3n de aves.<\/p>\n<p style=\"font-weight: 400;\">Los asistentes a este festival participaron tambi\u00e9n en la degustaci\u00f3n de comida t\u00edpica, demostraci\u00f3n de la elaboraci\u00f3n de artesan\u00edas con fibra vegetal de junco y matara, as\u00ed como concursos de ciclismo, dibujo y pintura, las cuales tuvieron como principales participantes a ni\u00f1os de este poblado.<\/p>\n","protected":false},"excerpt":{"rendered":"<p>Un nuevo motivo para no dejar de visitar el Santuario Nacional Lagunas de Mej\u00eda. En el marco de la celebraci\u00f3n<\/p>\n","protected":false},"author":2,"featured_media":5822,"comment_status":"open","ping_status":"open","sticky":false,"template":"","format":"standard","meta":{"colormag_page_container_layout":"default_layout","colormag_page_sidebar_layout":"default_layout","footnotes":""},"categories":[11],"tags":[],"class_list":["post-5821","post","type-post","status-publish","format-standard","has-post-thumbnail","hentry","category-turismo"],"_links":{"self":[{"href":"https:\/\/lacuevadedominguez.net.pe\/index.php\/wp-json\/wp\/v2\/posts\/5821","targetHints":{"allow":["GET"]}}],"collection":[{"href":"https:\/\/lacuevadedominguez.net.pe\/index.php\/wp-json\/wp\/v2\/posts"}],"about":[{"href":"https:\/\/lacuevadedominguez.net.pe\/index.php\/wp-json\/wp\/v2\/types\/post"}],"author":[{"embeddable":true,"href":"https:\/\/lacuevadedominguez.net.pe\/index.php\/wp-json\/wp\/v2\/users\/2"}],"replies":[{"embeddable":true,"href":"https:\/\/lacuevadedominguez.net.pe\/index.php\/wp-json\/wp\/v2\/comments?post=5821"}],"version-history":[{"count":1,"href":"https:\/\/lacuevadedominguez.net.pe\/index.php\/wp-json\/wp\/v2\/posts\/5821\/revisions"}],"predecessor-version":[{"id":6407,"href":"https:\/\/lacuevadedominguez.net.pe\/index.php\/wp-json\/wp\/v2\/posts\/5821\/revisions\/6407"}],"wp:featuredmedia":[{"embeddable":true,"href":"https:\/\/lacuevadedominguez.net.pe\/index.php\/wp-json\/wp\/v2\/media\/5822"}],"wp:attachment":[{"href":"https:\/\/lacuevadedominguez.net.pe\/index.php\/wp-json\/wp\/v2\/media?parent=5821"}],"wp:term":[{"taxonomy":"category","embeddable":true,"href":"https:\/\/lacuevadedominguez.net.pe\/index.php\/wp-json\/wp\/v2\/categories?post=5821"},{"taxonomy":"post_tag","embeddable":true,"href":"https:\/\/lacuevadedominguez.net.pe\/index.php\/wp-json\/wp\/v2\/tags?post=5821"}],"curies":[{"name":"wp","href":"https:\/\/api.w.org\/{rel}","templated":true}]}}