{"id":6021,"date":"2018-04-30T11:46:39","date_gmt":"2018-04-30T16:46:39","guid":{"rendered":"http:\/\/lacuevadedominguez.com\/es\/?p=6021"},"modified":"2018-04-30T11:46:39","modified_gmt":"2018-04-30T16:46:39","slug":"carlos-canales-asumio-presidencia-de-canatur","status":"publish","type":"post","link":"https:\/\/lacuevadedominguez.net.pe\/index.php\/2018\/04\/30\/carlos-canales-asumio-presidencia-de-canatur\/","title":{"rendered":"Carlos Canales asumi\u00f3 presidencia de CANATUR"},"content":{"rendered":"<p>El fin de semana reciente se realiz\u00f3 la transferencia de gesti\u00f3n en la C\u00e1mara Nacional de Turismo (Canatur). Tras dos a\u00f1os como presidente del gremio empresarial, <strong>Fredy Gamarra El\u00edas hizo entrega del cargo a Carlos Canales Anchorena, quien desde hoy asumir\u00e1 funciones al frente del nuevo Consejo Directivo de la C\u00e1mara para el per\u00edodo 2018 \u2013 2020.<\/strong><\/p>\n<p>El acto protocolar se llev\u00f3 a cabo en la sede institucional de Miraflores, en un ambiente de cordialidad y siguiendo las formalidades administrativas para la transici\u00f3n de una directiva a otra.<\/p>\n<p>En sus primeras palabras como flamante presidente de Canatur, Carlos Canales, asegur\u00f3 que regresa al gremio luego de cuatro a\u00f1os, con un equipo renovado en el Consejo Directivo y <strong>con la tarea de continuar las cosas buenas que ha realizado la gesti\u00f3n anterior y ejecutar el Plan Estrat\u00e9gico de Desarrollo Tur\u00edstico, elaborado durante la \u00e9poca de Jorge Jochamowitz.<\/strong><\/p>\n<p>Dijo que para la gerencia de ese proyecto se est\u00e1 convocando al consultor Elmer Barrio de Mendoza.<\/p>\n<p>\u201cLos objetivos son bastante claros, tenemos que trabajar por el fortalecimiento de la instituci\u00f3n, en especial por fortalecer a los gremios asociados. Este consejo directivo tiene una caracter\u00edstica: no es Carlos Canales, es un equipo conformado por ocho personas notables de la actividad tur\u00edstica, todas con una trayectoria importante, entre los cuales existe un objetivo com\u00fan que es empoderar al sector empresarial de turismo, con la sociedad civil, con sus autoridades y, especialmente, buscando el \u00e9xito de nuestras empresas\u201d, coment\u00f3 Canales Anchorena.<\/p>\n<p><strong>Adelant\u00f3 que el pr\u00f3ximo mi\u00e9rcoles 2 de mayo se llevar\u00e1 a cabo la primera reuni\u00f3n del nuevo Consejo Directivo, en donde se evaluar\u00e1n temas como el nuevo gerente general de Canatur, revisi\u00f3n de los estatutos y de los procedimientos, adem\u00e1s de la creaci\u00f3n de una Comisi\u00f3n de \u00c9tica.<\/strong><\/p>\n<p>De esta manera, Canatur tiene desde hoy un nuevo Consejo Directivo para el periodo 2018 \u2013 2020, conformado por: Carlos Canales, presidente; Jos\u00e9 Koechlin, primer vicepresidente; Mario Mustaf\u00e1, segundo vicepresidente; Alberto Alegr\u00eda, director ejecutivo; Javier Zavala, director tesorero; y como directores Gabriela Fiorini, Pierre Berthier y Jos\u00e9 Manuel Sabogal.<\/p>\n<p>&nbsp;<\/p>\n<p><em>Fuente: PortaldeTurismo.pe<\/em><\/p>\n","protected":false},"excerpt":{"rendered":"<p>El fin de semana reciente se realiz\u00f3 la transferencia de gesti\u00f3n en la C\u00e1mara Nacional de Turismo (Canatur). Tras dos<\/p>\n","protected":false},"author":2,"featured_media":6022,"comment_status":"open","ping_status":"open","sticky":false,"template":"","format":"standard","meta":{"colormag_page_container_layout":"default_layout","colormag_page_sidebar_layout":"default_layout","footnotes":""},"categories":[11],"tags":[],"class_list":["post-6021","post","type-post","status-publish","format-standard","has-post-thumbnail","hentry","category-turismo"],"_links":{"self":[{"href":"https:\/\/lacuevadedominguez.net.pe\/index.php\/wp-json\/wp\/v2\/posts\/6021","targetHints":{"allow":["GET"]}}],"collection":[{"href":"https:\/\/lacuevadedominguez.net.pe\/index.php\/wp-json\/wp\/v2\/posts"}],"about":[{"href":"https:\/\/lacuevadedominguez.net.pe\/index.php\/wp-json\/wp\/v2\/types\/post"}],"author":[{"embeddable":true,"href":"https:\/\/lacuevadedominguez.net.pe\/index.php\/wp-json\/wp\/v2\/users\/2"}],"replies":[{"embeddable":true,"href":"https:\/\/lacuevadedominguez.net.pe\/index.php\/wp-json\/wp\/v2\/comments?post=6021"}],"version-history":[{"count":0,"href":"https:\/\/lacuevadedominguez.net.pe\/index.php\/wp-json\/wp\/v2\/posts\/6021\/revisions"}],"wp:featuredmedia":[{"embeddable":true,"href":"https:\/\/lacuevadedominguez.net.pe\/index.php\/wp-json\/wp\/v2\/media\/6022"}],"wp:attachment":[{"href":"https:\/\/lacuevadedominguez.net.pe\/index.php\/wp-json\/wp\/v2\/media?parent=6021"}],"wp:term":[{"taxonomy":"category","embeddable":true,"href":"https:\/\/lacuevadedominguez.net.pe\/index.php\/wp-json\/wp\/v2\/categories?post=6021"},{"taxonomy":"post_tag","embeddable":true,"href":"https:\/\/lacuevadedominguez.net.pe\/index.php\/wp-json\/wp\/v2\/tags?post=6021"}],"curies":[{"name":"wp","href":"https:\/\/api.w.org\/{rel}","templated":true}]}}