{"id":6050,"date":"2018-05-08T08:50:14","date_gmt":"2018-05-08T08:50:14","guid":{"rendered":"http:\/\/lacuevadedominguez.com\/es\/?p=6050"},"modified":"2018-05-27T17:16:41","modified_gmt":"2018-05-27T17:16:41","slug":"airbus-y-audi-asociados-para-solucionar-problemas-de-movilidad-urbana-premium","status":"publish","type":"post","link":"https:\/\/lacuevadedominguez.net.pe\/index.php\/2018\/05\/08\/airbus-y-audi-asociados-para-solucionar-problemas-de-movilidad-urbana-premium\/","title":{"rendered":"Airbus y Audi asociados para solucionar problemas de movilidad urbana premium"},"content":{"rendered":"<p>A partir de este verano, Airbus \u2013 a trav\u00e9s de su plataforma de servicio bajo demanda de helic\u00f3pteros Voom \u2013 trabajar\u00e1 con Audi para ofrecer transporte punto a punto, <strong>inicialmente en S\u00e3o Paulo y Ciudad de M\u00e9xico<\/strong>. Esta asociaci\u00f3n proporcionar\u00e1 un servicio premium de transporte de superficie en <strong>veh\u00edculos Audi y en helic\u00f3ptero a trav\u00e9s del servicio Voom de Airbus<\/strong> para ofrecer a los clientes una experiencia de viaje fluida y tremendamente conveniente.<\/p>\n<p>\u201cEsta importante asociaci\u00f3n con Audi responde a los retos actuales y futuros en materia de movilidad urbana. El primer hito concreto de esta cooperaci\u00f3n ser\u00e1 la oferta de soluciones de transporte multimodal para las ciudades m\u00e1s congestionadas del mundo\u201d, explica el CEO de Airbus Tom Enders. \u201cEl mundo se est\u00e1 urbanizando a gran velocidad y las infraestructuras terrestres no podr\u00e1n por s\u00ed solas satisfacer las demandas del ma\u00f1ana. La creciente congesti\u00f3n est\u00e1 llevando al l\u00edmite los sistemas de transporte de las ciudades, lo que supone una importante exigencia de tiempo y dinero para viajeros y municipios. A\u00f1adir el cielo como tercera dimensi\u00f3n de las redes de transporte urbano va a revolucionar nuestras vidas \u2013 y Airbus est\u00e1 lista para moldear y construir ese futuro de los vuelos\u201d.<\/p>\n<p>Airbus ha ensayado ya con \u00e9xito en S\u00e3o Paulo su servicio inmediato de helic\u00f3pteros Voom, que pretende aliviar la congesti\u00f3n haciendo que viajar en helic\u00f3ptero sea m\u00e1s accesible y asequible. <strong>Desde marzo de 2018 este servicio est\u00e1 disponible tambi\u00e9n en Ciudad de M\u00e9xico. Airbus e Italdesign se han asociado para desarrollar Pop Up, un concepto modular autopilotado totalmente el\u00e9ctrico basado en una c\u00e1psula que se podr\u00e1 conectar a un m\u00f3dulo terrestre o a\u00e9reo.<\/strong><\/p>\n<p>Hay equipos que est\u00e1n trabajando tambi\u00e9n en la creaci\u00f3n de veh\u00edculos completamente nuevos: CityAirbus, que estar\u00e1 en condiciones de volar para finales de 2018, es un demostrador tecnol\u00f3gico de veh\u00edculo de despegue y aterrizaje vertical (VTOL) para hasta cuatro pasajeros. Vahana pretende crear un modo de transporte similar para carga o viajeros individuales. El veh\u00edculo realiz\u00f3 su primer vuelo a escala real en enero de 2018. En Singapur, la compa\u00f1\u00eda est\u00e1 cooperando con la universidad nacional del pa\u00eds en el proyecto Skyways para probar un sistema de paqueter\u00eda basado en drones aut\u00f3nomos.<\/p>\n","protected":false},"excerpt":{"rendered":"<p>A partir de este verano, Airbus \u2013 a trav\u00e9s de su plataforma de servicio bajo demanda de helic\u00f3pteros Voom \u2013<\/p>\n","protected":false},"author":2,"featured_media":6051,"comment_status":"open","ping_status":"open","sticky":false,"template":"","format":"standard","meta":{"colormag_page_container_layout":"default_layout","colormag_page_sidebar_layout":"default_layout","footnotes":""},"categories":[11],"tags":[],"class_list":["post-6050","post","type-post","status-publish","format-standard","has-post-thumbnail","hentry","category-turismo"],"_links":{"self":[{"href":"https:\/\/lacuevadedominguez.net.pe\/index.php\/wp-json\/wp\/v2\/posts\/6050","targetHints":{"allow":["GET"]}}],"collection":[{"href":"https:\/\/lacuevadedominguez.net.pe\/index.php\/wp-json\/wp\/v2\/posts"}],"about":[{"href":"https:\/\/lacuevadedominguez.net.pe\/index.php\/wp-json\/wp\/v2\/types\/post"}],"author":[{"embeddable":true,"href":"https:\/\/lacuevadedominguez.net.pe\/index.php\/wp-json\/wp\/v2\/users\/2"}],"replies":[{"embeddable":true,"href":"https:\/\/lacuevadedominguez.net.pe\/index.php\/wp-json\/wp\/v2\/comments?post=6050"}],"version-history":[{"count":1,"href":"https:\/\/lacuevadedominguez.net.pe\/index.php\/wp-json\/wp\/v2\/posts\/6050\/revisions"}],"predecessor-version":[{"id":6172,"href":"https:\/\/lacuevadedominguez.net.pe\/index.php\/wp-json\/wp\/v2\/posts\/6050\/revisions\/6172"}],"wp:featuredmedia":[{"embeddable":true,"href":"https:\/\/lacuevadedominguez.net.pe\/index.php\/wp-json\/wp\/v2\/media\/6051"}],"wp:attachment":[{"href":"https:\/\/lacuevadedominguez.net.pe\/index.php\/wp-json\/wp\/v2\/media?parent=6050"}],"wp:term":[{"taxonomy":"category","embeddable":true,"href":"https:\/\/lacuevadedominguez.net.pe\/index.php\/wp-json\/wp\/v2\/categories?post=6050"},{"taxonomy":"post_tag","embeddable":true,"href":"https:\/\/lacuevadedominguez.net.pe\/index.php\/wp-json\/wp\/v2\/tags?post=6050"}],"curies":[{"name":"wp","href":"https:\/\/api.w.org\/{rel}","templated":true}]}}