{"id":6509,"date":"2018-06-01T09:51:44","date_gmt":"2018-06-01T14:51:44","guid":{"rendered":"http:\/\/lacuevadedominguez.net.pe\/?p=6509"},"modified":"2018-06-01T09:51:44","modified_gmt":"2018-06-01T14:51:44","slug":"plus-ultra-inicia-vuelos-hacia-caracas","status":"publish","type":"post","link":"https:\/\/lacuevadedominguez.net.pe\/index.php\/2018\/06\/01\/plus-ultra-inicia-vuelos-hacia-caracas\/","title":{"rendered":"Plus Ultra inicia vuelos hacia Caracas"},"content":{"rendered":"<p>La aerol\u00ednea espa\u00f1ola Plus Ultra apuesta por Venezuela, por \u00absu ubicaci\u00f3n estrat\u00e9gica y sus atractivos tur\u00edsticos\u00bb, para favorecer la conectividad desde distintas ciudades de Europa con destinos de Am\u00e9rica Latina y del Caribe, en un proyecto que va \u00abm\u00e1s all\u00e1\u00bb de los vuelos comerciales buscando impulsar el turismo, expres\u00f3, el presidente de la l\u00ednea a\u00e9rea espa\u00f1ola,\u00a0 Fernando Garc\u00eda.<\/p>\n<p>Durante un acto de presentaci\u00f3n de la <strong>ruta Madrid-Caracas-Madrid de la aerol\u00ednea,<\/strong> organizado esta semana el presidente de Plus Ultra recalc\u00f3 que el objetivo lograr \u00abque Venezuela se convierta en el punto de apoyo\u00bb para varias rutas que lanzar\u00e1 en el futuro entre Europa y Latinoam\u00e9rica. \u00abPara concretar este proyecto estamos en conversaciones con las autoridades venezolanas que nos han brindado hasta ahora todo el apoyo\u00bb, destac\u00f3 Garc\u00eda. Plus Ultra se propone \u00abrecuperar el flujo de turistas espa\u00f1oles a Venezuela, para lo cual sugiere potenciar destinos tur\u00edsticos del pa\u00eds como \u00abCanaima, con una triangulaci\u00f3n con Los Roques y la Isla de Margarita\u00bb.<\/p>\n<p>Previo a ello, el embajador espa\u00f1ol en Venezuela, Jes\u00fas Silva Fern\u00e1ndez, se reuni\u00f3 con ministros del \u00e1rea econ\u00f3mica, \u00abpara impulsar nuevas iniciativas y mejorar los actuales proyectos en marcha\u00bb. <strong>Plus Ultra inaugur\u00f3 el pasado 22 de mayo su ruta Madrid-Caracas, con dos frecuencias semanales<\/strong> (martes y s\u00e1bados), e iniciar\u00e1 el 30 de junio otra l\u00ednea entre Tenerife Norte y la capital de Venezuela.<\/p>\n<p><em>Fuente: www.caribbeannewsdigital.com\/<\/em><\/p>\n","protected":false},"excerpt":{"rendered":"<p>La aerol\u00ednea espa\u00f1ola Plus Ultra apuesta por Venezuela, por \u00absu ubicaci\u00f3n estrat\u00e9gica y sus atractivos tur\u00edsticos\u00bb, para favorecer la conectividad<\/p>\n","protected":false},"author":1,"featured_media":6510,"comment_status":"open","ping_status":"open","sticky":false,"template":"","format":"standard","meta":{"colormag_page_container_layout":"default_layout","colormag_page_sidebar_layout":"default_layout","footnotes":""},"categories":[11],"tags":[104,76,92],"class_list":["post-6509","post","type-post","status-publish","format-standard","has-post-thumbnail","hentry","category-turismo","tag-caracas","tag-espana","tag-linea-aerea"],"_links":{"self":[{"href":"https:\/\/lacuevadedominguez.net.pe\/index.php\/wp-json\/wp\/v2\/posts\/6509","targetHints":{"allow":["GET"]}}],"collection":[{"href":"https:\/\/lacuevadedominguez.net.pe\/index.php\/wp-json\/wp\/v2\/posts"}],"about":[{"href":"https:\/\/lacuevadedominguez.net.pe\/index.php\/wp-json\/wp\/v2\/types\/post"}],"author":[{"embeddable":true,"href":"https:\/\/lacuevadedominguez.net.pe\/index.php\/wp-json\/wp\/v2\/users\/1"}],"replies":[{"embeddable":true,"href":"https:\/\/lacuevadedominguez.net.pe\/index.php\/wp-json\/wp\/v2\/comments?post=6509"}],"version-history":[{"count":1,"href":"https:\/\/lacuevadedominguez.net.pe\/index.php\/wp-json\/wp\/v2\/posts\/6509\/revisions"}],"predecessor-version":[{"id":6511,"href":"https:\/\/lacuevadedominguez.net.pe\/index.php\/wp-json\/wp\/v2\/posts\/6509\/revisions\/6511"}],"wp:featuredmedia":[{"embeddable":true,"href":"https:\/\/lacuevadedominguez.net.pe\/index.php\/wp-json\/wp\/v2\/media\/6510"}],"wp:attachment":[{"href":"https:\/\/lacuevadedominguez.net.pe\/index.php\/wp-json\/wp\/v2\/media?parent=6509"}],"wp:term":[{"taxonomy":"category","embeddable":true,"href":"https:\/\/lacuevadedominguez.net.pe\/index.php\/wp-json\/wp\/v2\/categories?post=6509"},{"taxonomy":"post_tag","embeddable":true,"href":"https:\/\/lacuevadedominguez.net.pe\/index.php\/wp-json\/wp\/v2\/tags?post=6509"}],"curies":[{"name":"wp","href":"https:\/\/api.w.org\/{rel}","templated":true}]}}