{"id":6653,"date":"2018-07-03T09:12:12","date_gmt":"2018-07-03T14:12:12","guid":{"rendered":"http:\/\/lacuevadedominguez.net.pe\/?p=6653"},"modified":"2018-07-03T09:12:12","modified_gmt":"2018-07-03T14:12:12","slug":"pronunciamiento-de-canatur-ante-la-organizacion-del-dakar-2019","status":"publish","type":"post","link":"https:\/\/lacuevadedominguez.net.pe\/index.php\/2018\/07\/03\/pronunciamiento-de-canatur-ante-la-organizacion-del-dakar-2019\/","title":{"rendered":"Pronunciamiento de CANATUR ante la organizaci\u00f3n del Dakar 2019"},"content":{"rendered":"<p class=\"m_8945050420328053049gmail-MsoNoSpacing\"><b><i>El Consejo Ejecutivo de la C\u00e1mara Nacional de Turismo (CANATUR) ante diversos trascendidos referidos al eventual retiro del Per\u00fa de la organizaci\u00f3n del Dakar 2019, manifiesta lo siguiente:<\/i><\/b><\/p>\n<p class=\"m_8945050420328053049gmail-MsoNoSpacing\">1. El gobierno peruano ha suscrito la aceptaci\u00f3n del desarrollo del evento en nuestro pa\u00eds en 2019, con las firmas del Presidente del Consejo de Ministros, el Ministro de Comercio Exterior y Turismo y el Ministro de Educaci\u00f3n. Este acuerdo debe ser perfeccionado, mediante convenio, antes del 30 de junio.<\/p>\n<p class=\"m_8945050420328053049gmail-MsoNoSpacing\">2. No es por tanto una actividad \u00fanicamente a cargo del MINCETUR y aunque su rol (incluyendo a Promper\u00fa) es fundamental, el Ministerio de Educaci\u00f3n, a trav\u00e9s del Instituto Peruano del Deporte (IPD) tiene un papel protag\u00f3nico.<\/p>\n<p class=\"m_8945050420328053049gmail-MsoNoSpacing\">3. Creemos que es muy importante tomar decisiones prontas y equilibradas respecto al Rally Dakar 2019 sobre la base de una adecuada estimaci\u00f3n beneficio-costo del evento y del respeto a los compromisos adquiridos por nuestro pa\u00eds.<\/p>\n<p class=\"m_8945050420328053049gmail-MsoNoSpacing\">4. Confiamos en que as\u00ed lo est\u00e1 haciendo el Ministerio de Comercio Exterior y Turismo (MINCETUR) y esperamos que igualmente el Ministerio de Educaci\u00f3n, contando con el respaldo de las m\u00e1ximas autoridades del gobierno.<\/p>\n<p class=\"m_8945050420328053049gmail-MsoNoSpacing\">5. A partir de ello solicitamos al Ejecutivo, y espec\u00edficamente al MINCETUR y al MINEDU, se convoque urgentemente la opini\u00f3n institucional y colaborativa del sector privado para la determinaci\u00f3n de la mejor alternativa de corto plazo.<\/p>\n","protected":false},"excerpt":{"rendered":"<p>El Consejo Ejecutivo de la C\u00e1mara Nacional de Turismo (CANATUR) ante diversos trascendidos referidos al eventual retiro del Per\u00fa de<\/p>\n","protected":false},"author":1,"featured_media":6654,"comment_status":"open","ping_status":"open","sticky":false,"template":"","format":"standard","meta":{"colormag_page_container_layout":"default_layout","colormag_page_sidebar_layout":"default_layout","footnotes":""},"categories":[2],"tags":[134,78,51,45],"class_list":["post-6653","post","type-post","status-publish","format-standard","has-post-thumbnail","hentry","category-eventos","tag-canatur","tag-paracas","tag-rally-dakar","tag-turismo"],"_links":{"self":[{"href":"https:\/\/lacuevadedominguez.net.pe\/index.php\/wp-json\/wp\/v2\/posts\/6653","targetHints":{"allow":["GET"]}}],"collection":[{"href":"https:\/\/lacuevadedominguez.net.pe\/index.php\/wp-json\/wp\/v2\/posts"}],"about":[{"href":"https:\/\/lacuevadedominguez.net.pe\/index.php\/wp-json\/wp\/v2\/types\/post"}],"author":[{"embeddable":true,"href":"https:\/\/lacuevadedominguez.net.pe\/index.php\/wp-json\/wp\/v2\/users\/1"}],"replies":[{"embeddable":true,"href":"https:\/\/lacuevadedominguez.net.pe\/index.php\/wp-json\/wp\/v2\/comments?post=6653"}],"version-history":[{"count":1,"href":"https:\/\/lacuevadedominguez.net.pe\/index.php\/wp-json\/wp\/v2\/posts\/6653\/revisions"}],"predecessor-version":[{"id":6655,"href":"https:\/\/lacuevadedominguez.net.pe\/index.php\/wp-json\/wp\/v2\/posts\/6653\/revisions\/6655"}],"wp:featuredmedia":[{"embeddable":true,"href":"https:\/\/lacuevadedominguez.net.pe\/index.php\/wp-json\/wp\/v2\/media\/6654"}],"wp:attachment":[{"href":"https:\/\/lacuevadedominguez.net.pe\/index.php\/wp-json\/wp\/v2\/media?parent=6653"}],"wp:term":[{"taxonomy":"category","embeddable":true,"href":"https:\/\/lacuevadedominguez.net.pe\/index.php\/wp-json\/wp\/v2\/categories?post=6653"},{"taxonomy":"post_tag","embeddable":true,"href":"https:\/\/lacuevadedominguez.net.pe\/index.php\/wp-json\/wp\/v2\/tags?post=6653"}],"curies":[{"name":"wp","href":"https:\/\/api.w.org\/{rel}","templated":true}]}}