{"id":6758,"date":"2018-07-17T10:15:22","date_gmt":"2018-07-17T15:15:22","guid":{"rendered":"http:\/\/lacuevadedominguez.net.pe\/?p=6758"},"modified":"2018-07-17T10:15:22","modified_gmt":"2018-07-17T15:15:22","slug":"ultimo-minuto-canatur-anuncia-i-workshop-turismo-peru","status":"publish","type":"post","link":"https:\/\/lacuevadedominguez.net.pe\/index.php\/2018\/07\/17\/ultimo-minuto-canatur-anuncia-i-workshop-turismo-peru\/","title":{"rendered":"Ultimo Minuto: CANATUR anuncia I Workshop \u00abTurismo Per\u00fa\u00bb"},"content":{"rendered":"<p style=\"font-weight: 400;\">A fin de integrar en un solo evento la oferta tur\u00edstica de las regiones Centro, Sur y Nor Amaz\u00f3nica de nuestro pa\u00eds, que se ven\u00eda desarrollando sectorialmente a trav\u00e9s de eventos conocidos como PERU REGIONES, <strong>la C\u00e1mara Nacional de Turismo (CANATUR) anunci\u00f3 oficialmente la organizaci\u00f3n del I Workshop \u00abTURISMO PERU\u00bb, a realizarse el pr\u00f3ximo 17 de octubre en el Centro de Convenciones del Hotel Mar\u00eda Angola de Miraflores.<\/strong><\/p>\n<p style=\"font-weight: 400;\">Su presidente, Carlos Canales Anchorena explic\u00f3 que adem\u00e1s de promover el turismo interno, el evento se convertir\u00e1 en una plataforma de integraci\u00f3n entre los diversos actores de la oferta tur\u00edstica nacional que permitir\u00e1 la comercializaci\u00f3n presencial y virtual directamente con el consumidor final, con una gran oferta diversificada.<\/p>\n<p style=\"font-weight: 400;\">\u201cPara ello, se desarrollar\u00e1 una plataforma de venta de paquetes, excursiones y servicios de productos que existen al interior del Per\u00fa y que debemos conectar con el principal mercado emisor que es Lima. Est\u00e1n invitados a participar en\u00a0\u00a0esta gran vitrina tur\u00edstica todas las empresas expositoras y asociados de Canatur\u201d, indic\u00f3.<\/p>\n<p style=\"font-weight: 400;\">Se\u00f1al\u00f3 que a mediano plazo, se espera contar con una plataforma de e-commerce para turismo interno y se busca tambi\u00e9n integrar y fortalecer el sector a trav\u00e9s de la profesionalizaci\u00f3n y formalizaci\u00f3n.<\/p>\n<p style=\"font-weight: 400;\">En lo referente al n\u00famero de expositores y compromisos de negocios, el titular de Canatur, estim\u00f3 que unas 90 empresas estar\u00edan participando en esta primera edici\u00f3n, \u201cnos hemos fijado como meta crecer con este evento en un diez por ciento en negocios acordados.<\/p>\n<p style=\"font-weight: 400;\"><strong>Soluci\u00f3n al problema aeroportuario<\/strong><\/p>\n<p style=\"font-weight: 400;\">Al ser consultado sobre el aeropuerto internacional \u201cJorge Ch\u00e1vez\u201d,\u00a0\u00a0se\u00f1al\u00f3 que\u00a0\u00a0se encuentra en su punto m\u00e1s cr\u00edtico y a punto de colapsar.<\/p>\n<p style=\"font-weight: 400;\">\u201cViene sobresaturado desde hace dos a\u00f1os por lo menos. La segunda pista estar\u00e1 lista en cinco a\u00f1os con suerte, pero mientras tanto, debemos asegurar que se cumplan con los plazos del proceso que son: completar lo poco que falta de la entrega de terrenos, desarrollar el expediente t\u00e9cnico y garantizar la concesi\u00f3n de la obra a una empresa seria que brinde todas las garant\u00edas de plazo para la ejecuci\u00f3n\u201d, apunt\u00f3.<\/p>\n<p style=\"font-weight: 400;\">Igualmente, sostuvo que a corto plazo hay que concretar la cesi\u00f3n a LAP (Lima Airport Partners) de las \u00e1reas de estacionamiento que hoy usan las fuerzas armadas y policiales para ampliar el \u00e1rea de estacionamiento.<\/p>\n<p style=\"font-weight: 400;\"><strong>Mensaje Presidencial por Fiestas Patrias<\/strong><\/p>\n<p style=\"font-weight: 400;\">Canales Anchorena dijo de otro lado, que hay cuatro temas principales que deben abordarse inmediatamente si se desea cerrar el presente a\u00f1o con una\u00a0\u00a0visi\u00f3n adecuada\u00a0\u00a0al 2021.<\/p>\n<p style=\"font-weight: 400;\">En ese sentido, se\u00f1al\u00f3 que se debe formalizar la actividad, brindar seguridad al visitante, llevar a cabo\u00a0\u00a0una promoci\u00f3n coordinada y trabajar en la gesti\u00f3n del capital humano. Estamos concentrados en esos temas e impulsando la integraci\u00f3n p\u00fablico-privada en beneficio del sector.<\/p>\n<p style=\"font-weight: 400;\"><strong>\u201cEl Presidente Mart\u00edn Vizcarra debe apoyar la actividad tur\u00edstica brindando\u00a0\u00a0soporte a las prioridades descritas con una propuesta consistente que se establezca en el marco de una alianza estrat\u00e9gica con el sector privado\u201d, plante\u00f3.<\/strong><\/p>\n<p style=\"font-weight: 400;\">Sin embargo, el dirigente empresarial se pronunci\u00f3 a favor de sincerar la meta de llegadas de turistas extranjeros al Per\u00fa para el 2021. Al respecto, dijo que en las actuales circunstancias en que se encuentra el turismo en nuestro pa\u00eds, \u201clos n\u00fameros no dan\u201d para llegar a los siete millones.<\/p>\n<p style=\"font-weight: 400;\">\n","protected":false},"excerpt":{"rendered":"<p>A fin de integrar en un solo evento la oferta tur\u00edstica de las regiones Centro, Sur y Nor Amaz\u00f3nica de<\/p>\n","protected":false},"author":1,"featured_media":6759,"comment_status":"open","ping_status":"open","sticky":false,"template":"","format":"standard","meta":{"colormag_page_container_layout":"default_layout","colormag_page_sidebar_layout":"default_layout","footnotes":""},"categories":[11],"tags":[134,179],"class_list":["post-6758","post","type-post","status-publish","format-standard","has-post-thumbnail","hentry","category-turismo","tag-canatur","tag-turismo-peru"],"_links":{"self":[{"href":"https:\/\/lacuevadedominguez.net.pe\/index.php\/wp-json\/wp\/v2\/posts\/6758","targetHints":{"allow":["GET"]}}],"collection":[{"href":"https:\/\/lacuevadedominguez.net.pe\/index.php\/wp-json\/wp\/v2\/posts"}],"about":[{"href":"https:\/\/lacuevadedominguez.net.pe\/index.php\/wp-json\/wp\/v2\/types\/post"}],"author":[{"embeddable":true,"href":"https:\/\/lacuevadedominguez.net.pe\/index.php\/wp-json\/wp\/v2\/users\/1"}],"replies":[{"embeddable":true,"href":"https:\/\/lacuevadedominguez.net.pe\/index.php\/wp-json\/wp\/v2\/comments?post=6758"}],"version-history":[{"count":1,"href":"https:\/\/lacuevadedominguez.net.pe\/index.php\/wp-json\/wp\/v2\/posts\/6758\/revisions"}],"predecessor-version":[{"id":6760,"href":"https:\/\/lacuevadedominguez.net.pe\/index.php\/wp-json\/wp\/v2\/posts\/6758\/revisions\/6760"}],"wp:featuredmedia":[{"embeddable":true,"href":"https:\/\/lacuevadedominguez.net.pe\/index.php\/wp-json\/wp\/v2\/media\/6759"}],"wp:attachment":[{"href":"https:\/\/lacuevadedominguez.net.pe\/index.php\/wp-json\/wp\/v2\/media?parent=6758"}],"wp:term":[{"taxonomy":"category","embeddable":true,"href":"https:\/\/lacuevadedominguez.net.pe\/index.php\/wp-json\/wp\/v2\/categories?post=6758"},{"taxonomy":"post_tag","embeddable":true,"href":"https:\/\/lacuevadedominguez.net.pe\/index.php\/wp-json\/wp\/v2\/tags?post=6758"}],"curies":[{"name":"wp","href":"https:\/\/api.w.org\/{rel}","templated":true}]}}